{"id":8574,"date":"2021-11-28T11:59:23","date_gmt":"2021-11-28T16:59:23","guid":{"rendered":"https:\/\/habilitas.ca\/non-classifiee\/milana\/"},"modified":"2025-10-15T11:13:55","modified_gmt":"2025-10-15T16:13:55","slug":"milana","status":"publish","type":"post","link":"https:\/\/habilitas.ca\/fr\/milana\/","title":{"rendered":"Milana"},"content":{"rendered":"<p>[et_pb_section fb_built=\u00a0\u00bb1&Prime; _builder_version=\u00a0\u00bb3.22&Prime; global_colors_info=\u00a0\u00bb{}\u00a0\u00bb][et_pb_row _builder_version=\u00a0\u00bb3.25&Prime; background_size=\u00a0\u00bbinitial\u00a0\u00bb background_position=\u00a0\u00bbtop_left\u00a0\u00bb background_repeat=\u00a0\u00bbrepeat\u00a0\u00bb global_colors_info=\u00a0\u00bb{}\u00a0\u00bb][et_pb_column type=\u00a0\u00bb4_4&Prime; _builder_version=\u00a0\u00bb3.25&Prime; custom_padding=\u00a0\u00bb|||\u00a0\u00bb global_colors_info=\u00a0\u00bb{}\u00a0\u00bb custom_padding__hover=\u00a0\u00bb|||\u00a0\u00bb][et_pb_post_title meta=\u00a0\u00bboff\u00a0\u00bb featured_image=\u00a0\u00bboff\u00a0\u00bb _builder_version=\u00a0\u00bb4.14.1&Prime; text_orientation=\u00a0\u00bbcenter\u00a0\u00bb global_colors_info=\u00a0\u00bb{}\u00a0\u00bb][\/et_pb_post_title][\/et_pb_column][\/et_pb_row][et_pb_row _builder_version=\u00a0\u00bb3.25&Prime; background_size=\u00a0\u00bbinitial\u00a0\u00bb background_position=\u00a0\u00bbtop_left\u00a0\u00bb background_repeat=\u00a0\u00bbrepeat\u00a0\u00bb global_colors_info=\u00a0\u00bb{}\u00a0\u00bb][et_pb_column type=\u00a0\u00bb4_4&Prime; _builder_version=\u00a0\u00bb3.25&Prime; custom_padding=\u00a0\u00bb|||\u00a0\u00bb global_colors_info=\u00a0\u00bb{}\u00a0\u00bb custom_padding__hover=\u00a0\u00bb|||\u00a0\u00bb][et_pb_text _builder_version=\u00a0\u00bb4.14.1&Prime; global_colors_info=\u00a0\u00bb{}\u00a0\u00bb]<\/p>\n<p>Jamais je n\u2019oublierai ce moment sp\u00e9cial et la joie qui brillait dans les yeux de Milana.<\/p>\n<p>Elle avait trois ans et demi, et jusque-l\u00e0, elle avait vu les autres enfants\u00a0\u2013 y compris son petit fr\u00e8re\u00a0\u2013 commencer \u00e0 marcher, \u00e0 courir et \u00e0 sauter alors que, pour sa part, elle arrivait \u00e0 peine \u00e0 se tenir debout.<\/p>\n<p>Mais ce jour-l\u00e0, Milana a connu une victoire \u00e9norme. Je crois que les mois de travail acharn\u00e9 en th\u00e9rapie ont port\u00e9 leurs fruits\u00a0: quelque chose s\u2019est d\u00e9clench\u00e9 dans ses hanches et ses jambes, et elle est arriv\u00e9e \u00e0 se tenir debout sans aide pendant dix secondes. Admiratifs, nous l\u2019encouragions en comptant \u00e0 haute voix.<\/p>\n<p>Apr\u00e8s cet exploit tant esp\u00e9r\u00e9, je lui ai donn\u00e9 un \u00e9norme c\u00e2lin et je me suis empress\u00e9e de t\u00e9l\u00e9phoner \u00e0 mon mari. Nous avons vers\u00e9 tous les deux des larmes de joie.<\/p>\n<p>[\/et_pb_text][\/et_pb_column][\/et_pb_row][et_pb_row make_equal=\u00a0\u00bbon\u00a0\u00bb _builder_version=\u00a0\u00bb3.25&Prime; global_colors_info=\u00a0\u00bb{}\u00a0\u00bb][et_pb_column type=\u00a0\u00bb4_4&Prime; module_class=\u00a0\u00bbds-vertical-align\u00a0\u00bb _builder_version=\u00a0\u00bb3.25&Prime; custom_padding=\u00a0\u00bb|||\u00a0\u00bb global_colors_info=\u00a0\u00bb{}\u00a0\u00bb custom_padding__hover=\u00a0\u00bb|||\u00a0\u00bb][et_pb_text _builder_version=\u00a0\u00bb4.14.1&Prime; quote_font=\u00a0\u00bb||on||||||\u00a0\u00bb quote_text_align=\u00a0\u00bbcenter\u00a0\u00bb quote_font_size=\u00a0\u00bb22px\u00a0\u00bb global_colors_info=\u00a0\u00bb{}\u00a0\u00bb]<\/p>\n<blockquote>\n<p style=\"text-align: left;\"><strong>Merci d\u2019avoir contribu\u00e9 \u00e0 ce moment inoubliable. <\/strong><\/p>\n<\/blockquote>\n<p>[\/et_pb_text][\/et_pb_column][\/et_pb_row][et_pb_row _builder_version=\u00a0\u00bb3.25&Prime; background_size=\u00a0\u00bbinitial\u00a0\u00bb background_position=\u00a0\u00bbtop_left\u00a0\u00bb background_repeat=\u00a0\u00bbrepeat\u00a0\u00bb global_colors_info=\u00a0\u00bb{}\u00a0\u00bb][et_pb_column type=\u00a0\u00bb4_4&Prime; _builder_version=\u00a0\u00bb3.25&Prime; custom_padding=\u00a0\u00bb|||\u00a0\u00bb global_colors_info=\u00a0\u00bb{}\u00a0\u00bb custom_padding__hover=\u00a0\u00bb|||\u00a0\u00bb][et_pb_text _builder_version=\u00a0\u00bb4.14.1&Prime; global_colors_info=\u00a0\u00bb{}\u00a0\u00bb]Notre fille avait environ 9\u00a0mois lorsque nous avons remarqu\u00e9 qu\u2019elle avait un probl\u00e8me de d\u00e9veloppement. En effet, le temps passait, mais elle n\u2019arrivait toujours pas \u00e0 s\u2019asseoir par elle-m\u00eame. Nous avons alors consult\u00e9 des m\u00e9decins pour obtenir des r\u00e9ponses, mais ils nous ont simplement r\u00e9pondu que les choses s\u2019arrangeraient avec le temps.<\/p>\n<p>Durant l\u2019ann\u00e9e et demie qui a suivi, malgr\u00e9 une batterie de tests neurologiques, d\u2019IRM et de prises de sang, personne n\u2019a pu nous fournir de diagnostic ou d\u2019explication pour la situation de Milana. \u00c7a a \u00e9t\u00e9 une p\u00e9riode insoutenable pour nos c\u0153urs de parents. Et \u00e9tant donn\u00e9 que Milana ne pouvait pas se d\u00e9placer de fa\u00e7on autonome, il n\u2019\u00e9tait pas envisageable de l\u2019inscrire \u00e0 la garderie. J\u2019ai donc d\u00fb rester \u00e0 la maison aupr\u00e8s d\u2019elle, faisant une croix sur le travail.<\/p>\n<p><img loading=\"lazy\" decoding=\"async\" class=\"image alignleft wp-image-8202\" src=\"https:\/\/habilitas.ca\/wp-content\/uploads\/2021\/11\/Milana-2-683x1024.jpg\" alt=\"\" width=\"501\" height=\"752\" \/>Nous tentions d\u00e9sesp\u00e9r\u00e9ment de comprendre ce qui pouvait bien expliquer les retards de d\u00e9veloppement de notre petit ange. Nous savions qu\u2019en ayant l\u2019heure juste sur la situation, nous aurions une meilleure id\u00e9e du genre d\u2019avenir qui l\u2019attendait et du soutien dont elle aurait besoin. Toute cette incertitude me terrassait\u00a0: je me sentais \u00e9puis\u00e9e et isol\u00e9e.<\/p>\n<p>Heureusement, tout a chang\u00e9 lorsque nous avons franchi les portes du Centre MAB-Mackay. Toute l\u2019\u00e9quipe nous a accueillis \u00e0 bras ouverts dans le programme d\u2019intervention pr\u00e9coce peu de temps apr\u00e8s le troisi\u00e8me anniversaire de Milana. Les th\u00e9rapeutes se sont montr\u00e9es tr\u00e8s enthousiastes et compr\u00e9hensives, nous redonnant l\u2019espoir dont nous avions besoin. Tr\u00e8s vite, elles ont offert \u00e0 Milana un programme th\u00e9rapeutique intensif pour acc\u00e9l\u00e9rer son d\u00e9veloppement dans certaines sph\u00e8res critiques. Et ses progr\u00e8s ont \u00e9t\u00e9 ph\u00e9nom\u00e9naux!<\/p>\n<p>La physioth\u00e9rapeute de Milana l\u2019a aid\u00e9e \u00e0 supporter plus de poids et \u00e0 travailler sa d\u00e9marche en s\u2019appuyant sur un cadre de marche. L\u2019\u00e9quipe lui a aussi enseign\u00e9 \u00e0 r\u00e9aliser certaines activit\u00e9s de fa\u00e7on autonome, comme s\u2019habiller (enlever sa veste, son chandail, son pantalon, ses bas), utiliser des ciseaux et aller \u00e0 la toilette. \u00c0 chaque r\u00e9ussite, Milana gagnait en dignit\u00e9 et en d\u00e9termination. Nous \u00e9tions aux anges de la voir progresser si vite. C\u2019est de loin la plus belle chose qui soit arriv\u00e9e \u00e0 notre famille!<\/p>\n<p>L\u2019\u00e9quipe du Centre nous a m\u00eame pr\u00eat\u00e9 un v\u00e9lo d\u2019exercice que Milana a utilis\u00e9 \u00e0 de tr\u00e8s nombreuses reprises au cours de l\u2019\u00e9t\u00e9. En plus de lui donner la chance de bouger, ce v\u00e9lo l\u2019aide \u00e0 renforcer ses hanches, ce qui est tr\u00e8s b\u00e9n\u00e9fique pour sa marche.<\/p>\n<p>En tant que parents, nous sommes tr\u00e8s, tr\u00e8s fiers de Milana, qui n\u2019a rien perdu de son attitude rayonnante malgr\u00e9 toutes ces \u00e9preuves. Elle est comme un ange venu du ciel \u2013 un exemple de force et de d\u00e9termination. Elle ne s\u2019est pratiquement jamais plainte de voir les autres enfants s\u2019amuser tandis qu\u2019elle devait aller chez le m\u00e9decin, subir des tests et des piq\u00fbres, ou assister \u00e0 ses th\u00e9rapies.<\/p>\n<p>Plus t\u00f4t cette ann\u00e9e, les th\u00e9rapeutes de Milana ont abord\u00e9 avec nous le passage \u00e0 l\u2019\u00e9cole primaire. Elles nous ont recommand\u00e9 l\u2019\u00e9cole Centre Mackay, nous aidant \u00e0 bien organiser notre transition d\u2019un centre de r\u00e9adaptation \u00e0 une \u00e9cole adapt\u00e9e.<\/p>\n<p>Milana a commenc\u00e9 la pr\u00e9maternelle \u00e0 Centre Mackay en septembre dernier. Depuis, tout se passe \u00e0 merveille dans cet \u00e9tablissement formidable! Elle s\u2019est fait plein d\u2019amis, elle adore sa prof, et elle aime par-dessus tout son cours d\u2019\u00e9ducation physique, qui lui donne l\u2019occasion de faire de l\u2019activit\u00e9 physique avec son cadre de marche. Et le plus g\u00e9nial avec cette \u00e9cole, c\u2019est que les th\u00e9rapeutes du Centre MAB-Mackay sont sur place. Ainsi, Milana peut continuer \u00e0 travailler sa force et sa coordination.[\/et_pb_text][\/et_pb_column][\/et_pb_row][et_pb_row make_equal=\u00a0\u00bbon\u00a0\u00bb _builder_version=\u00a0\u00bb3.25&Prime; global_colors_info=\u00a0\u00bb{}\u00a0\u00bb][et_pb_column type=\u00a0\u00bb4_4&Prime; module_class=\u00a0\u00bbds-vertical-align\u00a0\u00bb _builder_version=\u00a0\u00bb3.25&Prime; custom_padding=\u00a0\u00bb|||\u00a0\u00bb global_colors_info=\u00a0\u00bb{}\u00a0\u00bb custom_padding__hover=\u00a0\u00bb|||\u00a0\u00bb][et_pb_text _builder_version=\u00a0\u00bb4.14.1&Prime; quote_font=\u00a0\u00bb||on||||||\u00a0\u00bb quote_text_align=\u00a0\u00bbcenter\u00a0\u00bb quote_font_size=\u00a0\u00bb22px\u00a0\u00bb global_colors_info=\u00a0\u00bb{}\u00a0\u00bb]<\/p>\n<blockquote>\n<p style=\"text-align: left;\"><strong>Sans votre soutien, Milana n\u2019aurait pas pu faire autant de progr\u00e8s.<\/strong><\/p>\n<\/blockquote>\n<p>[\/et_pb_text][\/et_pb_column][\/et_pb_row][et_pb_row _builder_version=\u00a0\u00bb3.25&Prime; background_size=\u00a0\u00bbinitial\u00a0\u00bb background_position=\u00a0\u00bbtop_left\u00a0\u00bb background_repeat=\u00a0\u00bbrepeat\u00a0\u00bb global_colors_info=\u00a0\u00bb{}\u00a0\u00bb][et_pb_column type=\u00a0\u00bb4_4&Prime; _builder_version=\u00a0\u00bb3.25&Prime; custom_padding=\u00a0\u00bb|||\u00a0\u00bb global_colors_info=\u00a0\u00bb{}\u00a0\u00bb custom_padding__hover=\u00a0\u00bb|||\u00a0\u00bb][et_pb_text _builder_version=\u00a0\u00bb4.14.1&Prime; global_colors_info=\u00a0\u00bb{}\u00a0\u00bb]<\/p>\n<p><em>Notre histoire ne se termine pas ici.<\/em><\/p>\n<p>Milana a connu une avanc\u00e9e ph\u00e9nom\u00e9nale. Son objectif pour la fin de l\u2019ann\u00e9e scolaire est de se rendre \u00e0 sa classe de fa\u00e7on autonome (sans cadre de marche, comme vous pouvez le voir sur la photo). Nous sommes convaincus qu\u2019elle y parviendra, et nous avons si h\u00e2te de c\u00e9l\u00e9brer cet exploit avec elle.<\/p>\n<p>Les mots manquent parfois aux parents pour exprimer leur besoin d\u2019\u00eatre rassur\u00e9s quant aux bons soins de leur enfant. Gr\u00e2ce aux donateurs de la Fondation Habilitas, nous pouvons dormir l\u2019esprit tranquille, car le Centre MAB-Mackay sera l\u00e0 pour offrir \u00e0 Milana la th\u00e9rapie et les outils requis pour vivre une enfance heureuse et combl\u00e9e.<\/p>\n<p>Merci du fond du c\u0153ur!!<\/p>\n<p>Sabrina, fi\u00e8re maman de Milana<\/p>\n<p>[\/et_pb_text][et_pb_button button_url=\u00a0\u00bbhttps:\/\/habilitas.ca\/fr\/histoires-de-clients\/\u00a0\u00bb button_text=\u00a0\u00bbAutres histoires\u00a0\u00bb button_alignment=\u00a0\u00bbleft\u00a0\u00bb admin_label=\u00a0\u00bbMore Stories\u00a0\u00bb _builder_version=\u00a0\u00bb4.14.1&Prime; hover_enabled=\u00a0\u00bb0&Prime; global_colors_info=\u00a0\u00bb{}\u00a0\u00bb sticky_enabled=\u00a0\u00bb0&Prime;][\/et_pb_button][\/et_pb_column][\/et_pb_row][\/et_pb_section]<\/p>\n","protected":false},"excerpt":{"rendered":"<p>Jamais je n\u2019oublierai ce moment sp\u00e9cial et la joie qui brillait dans les yeux de Milana. Elle avait trois ans et demi, et jusque-l\u00e0, elle avait vu les autres enfants\u00a0\u2013 y compris son petit fr\u00e8re\u00a0\u2013 commencer \u00e0 marcher, \u00e0 courir et \u00e0 sauter alors que, pour sa part, elle arrivait \u00e0 peine \u00e0 se tenir [&hellip;]<\/p>\n","protected":false},"author":13,"featured_media":8567,"comment_status":"closed","ping_status":"open","sticky":false,"template":"","format":"standard","meta":{"_et_pb_use_builder":"on","_et_pb_old_content":"","_et_gb_content_width":"","_monsterinsights_skip_tracking":false,"_monsterinsights_sitenote_active":false,"_monsterinsights_sitenote_note":"","_monsterinsights_sitenote_category":0,"footnotes":""},"categories":[26],"tags":[],"class_list":["post-8574","post","type-post","status-publish","format-standard","has-post-thumbnail","hentry","category-histoires-de-clientes"],"yoast_head":"<!-- This site is optimized with the Yoast SEO plugin v27.1.1 - https:\/\/yoast.com\/product\/yoast-seo-wordpress\/ -->\n<title>Milana - Fondation Habilitas Foundation<\/title>\n<meta name=\"robots\" content=\"index, follow, max-snippet:-1, max-image-preview:large, max-video-preview:-1\" \/>\n<link rel=\"canonical\" href=\"https:\/\/habilitas.ca\/fr\/milana\/\" \/>\n<meta property=\"og:locale\" content=\"fr_FR\" \/>\n<meta property=\"og:type\" content=\"article\" \/>\n<meta property=\"og:title\" content=\"Milana - Fondation Habilitas Foundation\" \/>\n<meta property=\"og:description\" content=\"Jamais je n\u2019oublierai ce moment sp\u00e9cial et la joie qui brillait dans les yeux de Milana. Elle avait trois ans et demi, et jusque-l\u00e0, elle avait vu les autres enfants\u00a0\u2013 y compris son petit fr\u00e8re\u00a0\u2013 commencer \u00e0 marcher, \u00e0 courir et \u00e0 sauter alors que, pour sa part, elle arrivait \u00e0 peine \u00e0 se tenir [&hellip;]\" \/>\n<meta property=\"og:url\" content=\"https:\/\/habilitas.ca\/fr\/milana\/\" \/>\n<meta property=\"og:site_name\" content=\"Fondation Habilitas Foundation\" \/>\n<meta property=\"article:publisher\" content=\"https:\/\/www.facebook.com\/HABILITAS.fondation\/\" \/>\n<meta property=\"article:published_time\" content=\"2021-11-28T16:59:23+00:00\" \/>\n<meta property=\"article:modified_time\" content=\"2025-10-15T16:13:55+00:00\" \/>\n<meta property=\"og:image\" content=\"https:\/\/habilitas.ca\/wp-content\/uploads\/2021\/11\/Milana-2.jpg\" \/>\n\t<meta property=\"og:image:width\" content=\"700\" \/>\n\t<meta property=\"og:image:height\" content=\"1050\" \/>\n\t<meta property=\"og:image:type\" content=\"image\/jpeg\" \/>\n<meta name=\"author\" content=\"Ryan Hayes\" \/>\n<meta name=\"twitter:card\" content=\"summary_large_image\" \/>\n<meta name=\"twitter:label1\" content=\"\u00c9crit par\" \/>\n\t<meta name=\"twitter:data1\" content=\"Ryan Hayes\" \/>\n<script type=\"application\/ld+json\" class=\"yoast-schema-graph\">{\"@context\":\"https:\/\/schema.org\",\"@graph\":[{\"@type\":\"Article\",\"@id\":\"https:\/\/habilitas.ca\/fr\/milana\/#article\",\"isPartOf\":{\"@id\":\"https:\/\/habilitas.ca\/fr\/milana\/\"},\"author\":{\"name\":\"Ryan Hayes\",\"@id\":\"https:\/\/habilitas.ca\/#\/schema\/person\/9bb497f43095887cc9dfc4fa873e3400\"},\"headline\":\"Milana\",\"datePublished\":\"2021-11-28T16:59:23+00:00\",\"dateModified\":\"2025-10-15T16:13:55+00:00\",\"mainEntityOfPage\":{\"@id\":\"https:\/\/habilitas.ca\/fr\/milana\/\"},\"wordCount\":1346,\"image\":{\"@id\":\"https:\/\/habilitas.ca\/fr\/milana\/#primaryimage\"},\"thumbnailUrl\":\"https:\/\/habilitas.ca\/wp-content\/uploads\/2021\/11\/Milana-2.jpg\",\"articleSection\":[\"Histoires de client\u00b7e\u00b7s\"],\"inLanguage\":\"fr-FR\"},{\"@type\":\"WebPage\",\"@id\":\"https:\/\/habilitas.ca\/fr\/milana\/\",\"url\":\"https:\/\/habilitas.ca\/fr\/milana\/\",\"name\":\"Milana - Fondation Habilitas Foundation\",\"isPartOf\":{\"@id\":\"https:\/\/habilitas.ca\/#website\"},\"primaryImageOfPage\":{\"@id\":\"https:\/\/habilitas.ca\/fr\/milana\/#primaryimage\"},\"image\":{\"@id\":\"https:\/\/habilitas.ca\/fr\/milana\/#primaryimage\"},\"thumbnailUrl\":\"https:\/\/habilitas.ca\/wp-content\/uploads\/2021\/11\/Milana-2.jpg\",\"datePublished\":\"2021-11-28T16:59:23+00:00\",\"dateModified\":\"2025-10-15T16:13:55+00:00\",\"author\":{\"@id\":\"https:\/\/habilitas.ca\/#\/schema\/person\/9bb497f43095887cc9dfc4fa873e3400\"},\"breadcrumb\":{\"@id\":\"https:\/\/habilitas.ca\/fr\/milana\/#breadcrumb\"},\"inLanguage\":\"fr-FR\",\"potentialAction\":[{\"@type\":\"ReadAction\",\"target\":[\"https:\/\/habilitas.ca\/fr\/milana\/\"]}]},{\"@type\":\"ImageObject\",\"inLanguage\":\"fr-FR\",\"@id\":\"https:\/\/habilitas.ca\/fr\/milana\/#primaryimage\",\"url\":\"https:\/\/habilitas.ca\/wp-content\/uploads\/2021\/11\/Milana-2.jpg\",\"contentUrl\":\"https:\/\/habilitas.ca\/wp-content\/uploads\/2021\/11\/Milana-2.jpg\",\"width\":700,\"height\":1050},{\"@type\":\"BreadcrumbList\",\"@id\":\"https:\/\/habilitas.ca\/fr\/milana\/#breadcrumb\",\"itemListElement\":[{\"@type\":\"ListItem\",\"position\":1,\"name\":\"Home\",\"item\":\"https:\/\/habilitas.ca\/fr\/\"},{\"@type\":\"ListItem\",\"position\":2,\"name\":\"Milana\"}]},{\"@type\":\"WebSite\",\"@id\":\"https:\/\/habilitas.ca\/#website\",\"url\":\"https:\/\/habilitas.ca\/\",\"name\":\"Habilitas\",\"description\":\"\",\"potentialAction\":[{\"@type\":\"SearchAction\",\"target\":{\"@type\":\"EntryPoint\",\"urlTemplate\":\"https:\/\/habilitas.ca\/?s={search_term_string}\"},\"query-input\":{\"@type\":\"PropertyValueSpecification\",\"valueRequired\":true,\"valueName\":\"search_term_string\"}}],\"inLanguage\":\"fr-FR\"},{\"@type\":\"Person\",\"@id\":\"https:\/\/habilitas.ca\/#\/schema\/person\/9bb497f43095887cc9dfc4fa873e3400\",\"name\":\"Ryan Hayes\"}]}<\/script>\n<!-- \/ Yoast SEO plugin. -->","yoast_head_json":{"title":"Milana - Fondation Habilitas Foundation","robots":{"index":"index","follow":"follow","max-snippet":"max-snippet:-1","max-image-preview":"max-image-preview:large","max-video-preview":"max-video-preview:-1"},"canonical":"https:\/\/habilitas.ca\/fr\/milana\/","og_locale":"fr_FR","og_type":"article","og_title":"Milana - Fondation Habilitas Foundation","og_description":"Jamais je n\u2019oublierai ce moment sp\u00e9cial et la joie qui brillait dans les yeux de Milana. Elle avait trois ans et demi, et jusque-l\u00e0, elle avait vu les autres enfants\u00a0\u2013 y compris son petit fr\u00e8re\u00a0\u2013 commencer \u00e0 marcher, \u00e0 courir et \u00e0 sauter alors que, pour sa part, elle arrivait \u00e0 peine \u00e0 se tenir [&hellip;]","og_url":"https:\/\/habilitas.ca\/fr\/milana\/","og_site_name":"Fondation Habilitas Foundation","article_publisher":"https:\/\/www.facebook.com\/HABILITAS.fondation\/","article_published_time":"2021-11-28T16:59:23+00:00","article_modified_time":"2025-10-15T16:13:55+00:00","og_image":[{"width":700,"height":1050,"url":"https:\/\/habilitas.ca\/wp-content\/uploads\/2021\/11\/Milana-2.jpg","type":"image\/jpeg"}],"author":"Ryan Hayes","twitter_card":"summary_large_image","twitter_misc":{"\u00c9crit par":"Ryan Hayes"},"schema":{"@context":"https:\/\/schema.org","@graph":[{"@type":"Article","@id":"https:\/\/habilitas.ca\/fr\/milana\/#article","isPartOf":{"@id":"https:\/\/habilitas.ca\/fr\/milana\/"},"author":{"name":"Ryan Hayes","@id":"https:\/\/habilitas.ca\/#\/schema\/person\/9bb497f43095887cc9dfc4fa873e3400"},"headline":"Milana","datePublished":"2021-11-28T16:59:23+00:00","dateModified":"2025-10-15T16:13:55+00:00","mainEntityOfPage":{"@id":"https:\/\/habilitas.ca\/fr\/milana\/"},"wordCount":1346,"image":{"@id":"https:\/\/habilitas.ca\/fr\/milana\/#primaryimage"},"thumbnailUrl":"https:\/\/habilitas.ca\/wp-content\/uploads\/2021\/11\/Milana-2.jpg","articleSection":["Histoires de client\u00b7e\u00b7s"],"inLanguage":"fr-FR"},{"@type":"WebPage","@id":"https:\/\/habilitas.ca\/fr\/milana\/","url":"https:\/\/habilitas.ca\/fr\/milana\/","name":"Milana - Fondation Habilitas Foundation","isPartOf":{"@id":"https:\/\/habilitas.ca\/#website"},"primaryImageOfPage":{"@id":"https:\/\/habilitas.ca\/fr\/milana\/#primaryimage"},"image":{"@id":"https:\/\/habilitas.ca\/fr\/milana\/#primaryimage"},"thumbnailUrl":"https:\/\/habilitas.ca\/wp-content\/uploads\/2021\/11\/Milana-2.jpg","datePublished":"2021-11-28T16:59:23+00:00","dateModified":"2025-10-15T16:13:55+00:00","author":{"@id":"https:\/\/habilitas.ca\/#\/schema\/person\/9bb497f43095887cc9dfc4fa873e3400"},"breadcrumb":{"@id":"https:\/\/habilitas.ca\/fr\/milana\/#breadcrumb"},"inLanguage":"fr-FR","potentialAction":[{"@type":"ReadAction","target":["https:\/\/habilitas.ca\/fr\/milana\/"]}]},{"@type":"ImageObject","inLanguage":"fr-FR","@id":"https:\/\/habilitas.ca\/fr\/milana\/#primaryimage","url":"https:\/\/habilitas.ca\/wp-content\/uploads\/2021\/11\/Milana-2.jpg","contentUrl":"https:\/\/habilitas.ca\/wp-content\/uploads\/2021\/11\/Milana-2.jpg","width":700,"height":1050},{"@type":"BreadcrumbList","@id":"https:\/\/habilitas.ca\/fr\/milana\/#breadcrumb","itemListElement":[{"@type":"ListItem","position":1,"name":"Home","item":"https:\/\/habilitas.ca\/fr\/"},{"@type":"ListItem","position":2,"name":"Milana"}]},{"@type":"WebSite","@id":"https:\/\/habilitas.ca\/#website","url":"https:\/\/habilitas.ca\/","name":"Habilitas","description":"","potentialAction":[{"@type":"SearchAction","target":{"@type":"EntryPoint","urlTemplate":"https:\/\/habilitas.ca\/?s={search_term_string}"},"query-input":{"@type":"PropertyValueSpecification","valueRequired":true,"valueName":"search_term_string"}}],"inLanguage":"fr-FR"},{"@type":"Person","@id":"https:\/\/habilitas.ca\/#\/schema\/person\/9bb497f43095887cc9dfc4fa873e3400","name":"Ryan Hayes"}]}},"_links":{"self":[{"href":"https:\/\/habilitas.ca\/fr\/wp-json\/wp\/v2\/posts\/8574","targetHints":{"allow":["GET"]}}],"collection":[{"href":"https:\/\/habilitas.ca\/fr\/wp-json\/wp\/v2\/posts"}],"about":[{"href":"https:\/\/habilitas.ca\/fr\/wp-json\/wp\/v2\/types\/post"}],"author":[{"embeddable":true,"href":"https:\/\/habilitas.ca\/fr\/wp-json\/wp\/v2\/users\/13"}],"replies":[{"embeddable":true,"href":"https:\/\/habilitas.ca\/fr\/wp-json\/wp\/v2\/comments?post=8574"}],"version-history":[{"count":11,"href":"https:\/\/habilitas.ca\/fr\/wp-json\/wp\/v2\/posts\/8574\/revisions"}],"predecessor-version":[{"id":246367,"href":"https:\/\/habilitas.ca\/fr\/wp-json\/wp\/v2\/posts\/8574\/revisions\/246367"}],"wp:featuredmedia":[{"embeddable":true,"href":"https:\/\/habilitas.ca\/fr\/wp-json\/wp\/v2\/media\/8567"}],"wp:attachment":[{"href":"https:\/\/habilitas.ca\/fr\/wp-json\/wp\/v2\/media?parent=8574"}],"wp:term":[{"taxonomy":"category","embeddable":true,"href":"https:\/\/habilitas.ca\/fr\/wp-json\/wp\/v2\/categories?post=8574"},{"taxonomy":"post_tag","embeddable":true,"href":"https:\/\/habilitas.ca\/fr\/wp-json\/wp\/v2\/tags?post=8574"}],"curies":[{"name":"wp","href":"https:\/\/api.w.org\/{rel}","templated":true}]}}