{"id":6372,"date":"2020-11-30T10:28:03","date_gmt":"2020-11-30T15:28:03","guid":{"rendered":"https:\/\/habilitas.ca\/non-classifiee\/jack\/"},"modified":"2020-12-01T13:39:56","modified_gmt":"2020-12-01T18:39:56","slug":"jack","status":"publish","type":"post","link":"https:\/\/habilitas.ca\/fr\/jack\/","title":{"rendered":"Jack"},"content":{"rendered":"<p>[et_pb_section fb_built=\u00a0\u00bb1&Prime; _builder_version=\u00a0\u00bb3.22&Prime;][et_pb_row _builder_version=\u00a0\u00bb3.25&Prime; background_size=\u00a0\u00bbinitial\u00a0\u00bb background_position=\u00a0\u00bbtop_left\u00a0\u00bb background_repeat=\u00a0\u00bbrepeat\u00a0\u00bb][et_pb_column type=\u00a0\u00bb4_4&Prime; _builder_version=\u00a0\u00bb3.25&Prime; custom_padding=\u00a0\u00bb|||\u00a0\u00bb custom_padding__hover=\u00a0\u00bb|||\u00a0\u00bb][et_pb_post_title meta=\u00a0\u00bboff\u00a0\u00bb featured_image=\u00a0\u00bboff\u00a0\u00bb _builder_version=\u00a0\u00bb3.27.3&Prime; text_orientation=\u00a0\u00bbcenter\u00a0\u00bb][\/et_pb_post_title][\/et_pb_column][\/et_pb_row][et_pb_row _builder_version=\u00a0\u00bb3.25&Prime; background_size=\u00a0\u00bbinitial\u00a0\u00bb background_position=\u00a0\u00bbtop_left\u00a0\u00bb background_repeat=\u00a0\u00bbrepeat\u00a0\u00bb][et_pb_column type=\u00a0\u00bb4_4&Prime; _builder_version=\u00a0\u00bb3.25&Prime; custom_padding=\u00a0\u00bb|||\u00a0\u00bb custom_padding__hover=\u00a0\u00bb|||\u00a0\u00bb][et_pb_text _builder_version=\u00a0\u00bb4.7.3&Prime;]<\/p>\n<p>Tout a commenc\u00e9 un dimanche soir alors que Jack avait pr\u00e8s de quatre mois. Il s\u2019est r\u00e9veill\u00e9 en pleurs et avait une forte fi\u00e8vre. Heureusement, nous avons pu obtenir un rendez-vous d\u2019urgence avec notre m\u00e9decin de famille le lendemain matin \u00e0 8 heures. Entre-temps, nous lui avons donn\u00e9 du Tylenol pour tenter d\u2019apaiser sa douleur\u2026<\/p>\n<p>Le lendemain matin \u00e0 la clinique, le m\u00e9decin nous a demand\u00e9 de revenir le voir si la fi\u00e8vre persistait jusqu\u2019au mercredi. Il nous a expliqu\u00e9 que nous n\u2019avions rien \u00e0 craindre, tant que Jack buvait au moins la moiti\u00e9 de sa quantit\u00e9 habituelle de pr\u00e9paration pour nourrisson. Mais au fil de la journ\u00e9e, Jack est entr\u00e9 en l\u00e9thargie. Nous avons donc d\u00e9cid\u00e9 de l\u2019amener sans tarder \u00e0 l\u2019h\u00f4pital p\u00e9diatrique de notre r\u00e9gion. Une fois \u00e0 l\u2019urgence, Jack a eu des crises d\u2019\u00e9pilepsie, et ce n\u2019est que plus tard qu\u2019on nous a confirm\u00e9 qu\u2019il avait d\u00e9velopp\u00e9 une m\u00e9ningite bact\u00e9rienne \u2013 une infection qui entra\u00eene l\u2019inflammation des membranes qui entourent le cerveau et qui peut avoir des cons\u00e9quences graves, voire mortelles, si elle n\u2019est pas trait\u00e9e rapidement.<\/p>\n<p><img loading=\"lazy\" decoding=\"async\" class=\"wp-image-6367 size-full alignleft\" src=\"https:\/\/habilitas.ca\/wp-content\/uploads\/2020\/11\/Jack.jpg\" alt=\"\" width=\"800\" height=\"534\" srcset=\"https:\/\/habilitas.ca\/wp-content\/uploads\/2020\/11\/Jack.jpg 800w, https:\/\/habilitas.ca\/wp-content\/uploads\/2020\/11\/Jack-480x320.jpg 480w\" sizes=\"(min-width: 0px) and (max-width: 480px) 480px, (min-width: 481px) 800px, 100vw\" \/><\/p>\n<p>Heureusement, l\u2019infection a \u00e9t\u00e9 maitris\u00e9e, et Jack s\u2019en est sorti en v\u00e9ritable h\u00e9ros. Toutefois, le liquide dans son cerveau a endommag\u00e9 son ou\u00efe, et il s\u2019est retrouv\u00e9 avec une perte auditive bilat\u00e9rale de mod\u00e9r\u00e9e \u00e0 grave.<\/p>\n<p>En tant que parents, nous ne savions pas du tout comment \u00e9lever un enfant qui a une d\u00e9ficience auditive. Au d\u00e9but, nous croyions qu\u2019il existait une solution toute simple pour que les choses rentrent dans l\u2019ordre\u2026 un peu comme le port de lunettes peut aider quelqu\u2019un qui a des probl\u00e8mes de vision. Ainsi, lorsque Jack \u00e9tait suffisamment r\u00e9tabli pour quitter l\u2019h\u00f4pital, nous l\u2019avons amen\u00e9 pour des proth\u00e8ses auditives. Mais peu apr\u00e8s, lorsqu\u2019on nous a orient\u00e9s vers le Centre MAB-Mackay, nous avons compris que c\u2019\u00e9tait plus compliqu\u00e9 que cela.<\/p>\n<p>On nous a expliqu\u00e9 que notre fils devait absolument \u00eatre expos\u00e9 \u00e0 des sons pour acqu\u00e9rir des aptitudes langagi\u00e8res et se d\u00e9velopper normalement. Sans cela, sa compr\u00e9hension du monde et son potentiel seraient entrav\u00e9s.<\/p>\n<p>Lorsque Jack avait six mois, nous avons commenc\u00e9 \u00e0 l\u2019amener au MAB-Mackay chaque semaine pour qu\u2019il rencontre une \u00e9quipe d\u2019audiologistes et d\u2019orthophonistes. Nous avons notamment particip\u00e9 \u00e0 des s\u00e9ances en groupe avec d\u2019autres familles dont un enfant avait une perte auditive. Cela permettait aux enfants de jouer entre eux et \u00e0 nous, les parents, d\u2019\u00e9changer sur notre r\u00e9alit\u00e9. Une \u00e9quipe de sp\u00e9cialistes a \u00e9galement visit\u00e9 la garderie de Jack pour donner au personnel des conseils sur l\u2019acoustique des salles et les besoins de notre enfant.<\/p>\n<p>[\/et_pb_text][\/et_pb_column][\/et_pb_row][et_pb_row make_equal=\u00a0\u00bbon\u00a0\u00bb _builder_version=\u00a0\u00bb3.25&Prime;][et_pb_column type=\u00a0\u00bb4_4&Prime; module_class=\u00a0\u00bbds-vertical-align\u00a0\u00bb _builder_version=\u00a0\u00bb3.25&Prime; custom_padding=\u00a0\u00bb|||\u00a0\u00bb custom_padding__hover=\u00a0\u00bb|||\u00a0\u00bb][et_pb_text _builder_version=\u00a0\u00bb4.7.3&Prime; quote_font=\u00a0\u00bb||on||||||\u00a0\u00bb quote_text_align=\u00a0\u00bbcenter\u00a0\u00bb quote_font_size=\u00a0\u00bb22px\u00a0\u00bb hover_enabled=\u00a0\u00bb0&Prime; sticky_enabled=\u00a0\u00bb0&Prime;]<\/p>\n<blockquote>\n<p><strong>Pour que Jack puisse rattraper son retard, son exposition \u00e0 des sons doit \u00eatre aussi pr\u00e9cise et ininterrompue que possible. <\/strong><\/p>\n<\/blockquote>\n<p>[\/et_pb_text][\/et_pb_column][\/et_pb_row][et_pb_row _builder_version=\u00a0\u00bb3.25&Prime; background_size=\u00a0\u00bbinitial\u00a0\u00bb background_position=\u00a0\u00bbtop_left\u00a0\u00bb background_repeat=\u00a0\u00bbrepeat\u00a0\u00bb][et_pb_column type=\u00a0\u00bb4_4&Prime; _builder_version=\u00a0\u00bb3.25&Prime; custom_padding=\u00a0\u00bb|||\u00a0\u00bb custom_padding__hover=\u00a0\u00bb|||\u00a0\u00bb][et_pb_text _builder_version=\u00a0\u00bb4.7.3&Prime;]<\/p>\n<p>Pour que Jack puisse rattraper son retard, son exposition \u00e0 des sons doit \u00eatre aussi pr\u00e9cise et ininterrompue que possible. De plus, puisqu\u2019il y a toujours un risque que son ou\u00efe diminue de nouveau, il doit subir des examens r\u00e9guli\u00e8rement pour qu\u2019on puisse ajuster rapidement ses appareils auditifs au besoin.<\/p>\n<p>Puis, la pand\u00e9mie a frapp\u00e9. Du jour au lendemain, nous avons tous \u00e9t\u00e9 plong\u00e9s dans une nouvelle et \u00e9trange r\u00e9alit\u00e9.<\/p>\n<p>Tout au long du confinement, les sp\u00e9cialistes du Centre MAB-Mackay ont gard\u00e9 contact avec nous. Jack a m\u00eame eu droit \u00e0 des s\u00e9ances d\u2019orthophonie virtuelles pour l\u2019aider \u00e0 rattraper son retard dans la prononciation de certains sons. Lorsque le Centre a rouvert ses portes il y a quelques mois, Jack a pu reprendre ses examens d\u2019audiologie (dans le respect des mesures sanitaires, \u00e9videmment). Les sp\u00e9cialistes du Centre ont alors d\u00e9couvert qu\u2019il avait de la difficult\u00e9 avec les fr\u00e9quences \u00e9lev\u00e9es et qu\u2019il avait besoin d\u2019un nouvel appareil auditif pour pallier cette lacune. Aussit\u00f4t que Jack a re\u00e7u cet appareil, ses r\u00e9actions ont chang\u00e9 du tout au tout et il a rapidement montr\u00e9 des progr\u00e8s en acquisition du langage.<\/p>\n<p>Le parcours de Jack est loin d\u2019\u00eatre termin\u00e9. Au cours des derni\u00e8res semaines, son ou\u00efe s\u2019est d\u00e9t\u00e9rior\u00e9e, apr\u00e8s deux ans de stabilit\u00e9. Nous songeons maintenant \u00e0 la possibilit\u00e9 d\u2019un implant cochl\u00e9aire, ce qui impliquerait une intervention chirurgicale pour ins\u00e9rer un petit appareil \u00e9lectronique permettant de contourner la partie endommag\u00e9e de son oreille. Cela n\u00e9cessiterait une r\u00e9adaptation auditive continue pour aider Jack \u00e0 identifier les sons et \u00e0 leur associer des significations.<\/p>\n<p>Au-del\u00e0 de cette \u00e9tape importante, notre objectif est de voir Jack int\u00e9grer une classe de maternelle normale l\u2019an prochain.<\/p>\n<p>Votre soutien nous apporte une paix d\u2019esprit. Gr\u00e2ce \u00e0 votre g\u00e9n\u00e9rosit\u00e9, nous savons que le Centre MAB-Mackay sera pr\u00e9sent pour donner \u00e0 Jack les outils qu\u2019il lui faut pour vivre une enfance heureuse et \u00e9panouissante.<\/p>\n<p>[\/et_pb_text][et_pb_button button_url=\u00a0\u00bbhttps:\/\/habilitas.ca\/fr\/histoires-de-clients\/\u00a0\u00bb button_text=\u00a0\u00bbAutres histoires\u00a0\u00bb button_alignment=\u00a0\u00bbleft\u00a0\u00bb admin_label=\u00a0\u00bbMore Stories\u00a0\u00bb _builder_version=\u00a0\u00bb4.7.3&Prime;][\/et_pb_button][\/et_pb_column][\/et_pb_row][\/et_pb_section][et_pb_section fb_built=\u00a0\u00bb1&Prime; _builder_version=\u00a0\u00bb3.22.3&Prime; background_color=\u00a0\u00bbrgba(68,205,207,0.3)\u00a0\u00bb custom_margin=\u00a0\u00bb||0px|\u00a0\u00bb custom_padding=\u00a0\u00bb||0px|\u00a0\u00bb global_module=\u00a0\u00bb1795&Prime;][et_pb_row column_structure=\u00a0\u00bb1_4,1_4,1_4,1_4&Prime; _builder_version=\u00a0\u00bb3.25&Prime; background_size=\u00a0\u00bbinitial\u00a0\u00bb background_position=\u00a0\u00bbtop_left\u00a0\u00bb background_repeat=\u00a0\u00bbrepeat\u00a0\u00bb][et_pb_column type=\u00a0\u00bb1_4&Prime; _builder_version=\u00a0\u00bb3.25&Prime; custom_padding=\u00a0\u00bb|||\u00a0\u00bb custom_padding__hover=\u00a0\u00bb|||\u00a0\u00bb][et_pb_signup provider=\u00a0\u00bbconstant_contact\u00a0\u00bb constant_contact_list=\u00a0\u00bbHABILITAS Website|1116831926&Prime; first_name_field=\u00a0\u00bboff\u00a0\u00bb last_name_field=\u00a0\u00bboff\u00a0\u00bb title=\u00a0\u00bbInscrivez-vous \u00e0 notre infolettre et autres mises \u00e0 jour\u00a0\u00bb button_text=\u00a0\u00bbS\u2019abonner\u00a0\u00bb admin_label=\u00a0\u00bbEmail Option\u00a0\u00bb _builder_version=\u00a0\u00bb4.3.2&Prime; header_font=\u00a0\u00bb|600|||||||\u00a0\u00bb header_text_color=\u00a0\u00bb#313175&Prime; header_font_size=\u00a0\u00bb18&Prime; use_background_color=\u00a0\u00bboff\u00a0\u00bb background_layout=\u00a0\u00bblight\u00a0\u00bb border_radii_fields=\u00a0\u00bbon|50px|50px|50px|50px\u00a0\u00bb][\/et_pb_signup][\/et_pb_column][et_pb_column type=\u00a0\u00bb1_4&Prime; _builder_version=\u00a0\u00bb3.25&Prime; custom_padding=\u00a0\u00bb|||\u00a0\u00bb custom_padding__hover=\u00a0\u00bb|||\u00a0\u00bb][et_pb_text _builder_version=\u00a0\u00bb3.29.3&Prime; text_font_size=\u00a0\u00bb14px\u00a0\u00bb header_4_font=\u00a0\u00bb|600|||||||\u00a0\u00bb]<\/p>\n<h4>Foundation<\/h4>\n<p><a href=\"https:\/\/habilitas.ca\/fr\/nos-histoires\/\">Nos histoires<\/a><br \/><a href=\"https:\/\/habilitas.ca\/fr\/evenements\/\">\u00c9v\u00e9nements<\/a><br \/><a href=\"https:\/\/habilitas.ca\/fr\/supports-habilitas\/\">Supports HABILITAS<\/a><br \/><a href=\"https:\/\/habilitas.ca\/fr\/qui-sommes-nous\/notre-equipe\/\">Notre \u00e9quipe<\/a><br \/><a href=\"https:\/\/habilitas.ca\/fr\/qui-sommes-nous\/communiquez-avec-nous\/\">Communiquez avec nous<\/a><br \/><a href=\"https:\/\/habilitas.ca\/fr\/publications\">Publications<\/a><\/p>\n<p>[\/et_pb_text][\/et_pb_column][et_pb_column type=\u00a0\u00bb1_4&Prime; _builder_version=\u00a0\u00bb3.25&Prime; custom_padding=\u00a0\u00bb|||\u00a0\u00bb custom_padding__hover=\u00a0\u00bb|||\u00a0\u00bb][et_pb_text _builder_version=\u00a0\u00bb3.27.4&Prime; text_font_size=\u00a0\u00bb14px\u00a0\u00bb header_4_font=\u00a0\u00bb|600|||||||\u00a0\u00bb]<\/p>\n<h4>Faire un don<\/h4>\n<p><a href=\"https:\/\/habilitas.ca\/fr\/don-en-linge\/\">Don en ligne<\/a><br \/><a href=\"https:\/\/habilitas.ca\/fr\/facons-de-faire-un-don\/\">Fa\u00e7ons de faire un don<\/a><br \/><a href=\"https:\/\/habilitas.ca\/fr\/impliquez-vous\/\">Impliquez-vous<\/a><\/p>\n<p>[\/et_pb_text][\/et_pb_column][et_pb_column type=\u00a0\u00bb1_4&Prime; _builder_version=\u00a0\u00bb3.25&Prime; custom_padding=\u00a0\u00bb|||\u00a0\u00bb custom_padding__hover=\u00a0\u00bb|||\u00a0\u00bb][et_pb_image src=\u00a0\u00bbhttps:\/\/habilitas.ca\/wp-content\/uploads\/2019\/01\/Habilitas-Logo-Icon-H-Bil-Dark-RGB.png\u00a0\u00bb url=\u00a0\u00bbhttp:\/\/habilitas.ca\/fr\/\u00a0\u00bb align_tablet=\u00a0\u00bbcenter\u00a0\u00bb align_phone=\u00a0\u00bb\u00a0\u00bb align_last_edited=\u00a0\u00bbon|desktop\u00a0\u00bb _builder_version=\u00a0\u00bb3.23&Prime;][\/et_pb_image][et_pb_social_media_follow disabled_on=\u00a0\u00bboff|off|off\u00a0\u00bb _builder_version=\u00a0\u00bb3.19.10&Prime; text_orientation=\u00a0\u00bbleft\u00a0\u00bb border_radii=\u00a0\u00bbon|50px|50px|50px|50px\u00a0\u00bb][et_pb_social_media_follow_network social_network=\u00a0\u00bbfacebook\u00a0\u00bb url=\u00a0\u00bbhttps:\/\/www.facebook.com\/HABILITAS.fondation\/\u00a0\u00bb _builder_version=\u00a0\u00bb3.19.10&Prime; background_color=\u00a0\u00bb#313175&Prime; follow_button=\u00a0\u00bboff\u00a0\u00bb url_new_window=\u00a0\u00bbon\u00a0\u00bb]<\/p>\n<p>Facebook<\/p>\n<p>[\/et_pb_social_media_follow_network][et_pb_social_media_follow_network social_network=\u00a0\u00bblinkedin\u00a0\u00bb url=\u00a0\u00bbhttps:\/\/www.linkedin.com\/company\/fondation-habilitas-foundation\/\u00a0\u00bb _builder_version=\u00a0\u00bb3.19.10&Prime; background_color=\u00a0\u00bb#00ab89&Prime; follow_button=\u00a0\u00bboff\u00a0\u00bb url_new_window=\u00a0\u00bbon\u00a0\u00bb]<\/p>\n<p>LinkedIn<\/p>\n<p>[\/et_pb_social_media_follow_network][et_pb_social_media_follow_network social_network=\u00a0\u00bbinstagram\u00a0\u00bb url=\u00a0\u00bbhttps:\/\/www.instagram.com\/habilitas.fondation\/\u00a0\u00bb _builder_version=\u00a0\u00bb3.19.10&Prime; background_color=\u00a0\u00bb#e7507b\u00a0\u00bb follow_button=\u00a0\u00bboff\u00a0\u00bb url_new_window=\u00a0\u00bbon\u00a0\u00bb]<\/p>\n<p>Instagram<\/p>\n<p>[\/et_pb_social_media_follow_network][\/et_pb_social_media_follow][\/et_pb_column][\/et_pb_row][et_pb_row column_structure=\u00a0\u00bb1_3,1_3,1_3&Prime; _builder_version=\u00a0\u00bb3.25&Prime; custom_margin=\u00a0\u00bb||0px|\u00a0\u00bb custom_padding=\u00a0\u00bb||0px|\u00a0\u00bb][et_pb_column type=\u00a0\u00bb1_3&Prime; _builder_version=\u00a0\u00bb3.25&Prime; custom_padding=\u00a0\u00bb|||\u00a0\u00bb custom_padding__hover=\u00a0\u00bb|||\u00a0\u00bb][\/et_pb_column][et_pb_column type=\u00a0\u00bb1_3&Prime; _builder_version=\u00a0\u00bb3.25&Prime; custom_padding=\u00a0\u00bb|||\u00a0\u00bb custom_padding__hover=\u00a0\u00bb|||\u00a0\u00bb][et_pb_text _builder_version=\u00a0\u00bb3.27.4&Prime; link_text_align=\u00a0\u00bbcenter\u00a0\u00bb link_font_size=\u00a0\u00bb12px\u00a0\u00bb text_orientation=\u00a0\u00bbcenter\u00a0\u00bb custom_margin=\u00a0\u00bb||0px|\u00a0\u00bb custom_padding=\u00a0\u00bb0px||0px|\u00a0\u00bb]<\/p>\n<p><span style=\"color: #ffffff;\"><a style=\"color: #ffffff;\" href=\"https:\/\/sparrowstrategy.com\/\" target=\"_blank\" rel=\"noopener noreferrer\">Web Design Sparrow Digital<\/a><\/span><\/p>\n<p>[\/et_pb_text][\/et_pb_column][et_pb_column type=\u00a0\u00bb1_3&Prime; _builder_version=\u00a0\u00bb3.25&Prime; custom_padding=\u00a0\u00bb|||\u00a0\u00bb custom_padding__hover=\u00a0\u00bb|||\u00a0\u00bb][\/et_pb_column][\/et_pb_row][\/et_pb_section]<\/p>\n","protected":false},"excerpt":{"rendered":"<p>Tout a commenc\u00e9 un dimanche soir alors que Jack avait pr\u00e8s de quatre mois. Il s\u2019est r\u00e9veill\u00e9 en pleurs et avait une forte fi\u00e8vre. Heureusement, nous avons pu obtenir un rendez-vous d\u2019urgence avec notre m\u00e9decin de famille le lendemain matin \u00e0 8 heures. Entre-temps, nous lui avons donn\u00e9 du Tylenol pour tenter d\u2019apaiser sa douleur\u2026 [&hellip;]<\/p>\n","protected":false},"author":13,"featured_media":6367,"comment_status":"closed","ping_status":"open","sticky":false,"template":"","format":"standard","meta":{"_et_pb_use_builder":"on","_et_pb_old_content":"","_et_gb_content_width":"","_monsterinsights_skip_tracking":false,"_monsterinsights_sitenote_active":false,"_monsterinsights_sitenote_note":"","_monsterinsights_sitenote_category":0,"footnotes":""},"categories":[26],"tags":[],"class_list":["post-6372","post","type-post","status-publish","format-standard","has-post-thumbnail","hentry","category-histoires-de-clientes"],"yoast_head":"<!-- This site is optimized with the Yoast SEO plugin v27.1.1 - https:\/\/yoast.com\/product\/yoast-seo-wordpress\/ -->\n<title>Jack - Fondation Habilitas Foundation<\/title>\n<meta name=\"robots\" content=\"index, follow, max-snippet:-1, max-image-preview:large, max-video-preview:-1\" \/>\n<link rel=\"canonical\" href=\"https:\/\/habilitas.ca\/fr\/jack\/\" \/>\n<meta property=\"og:locale\" content=\"fr_FR\" \/>\n<meta property=\"og:type\" content=\"article\" \/>\n<meta property=\"og:title\" content=\"Jack - Fondation Habilitas Foundation\" \/>\n<meta property=\"og:description\" content=\"Tout a commenc\u00e9 un dimanche soir alors que Jack avait pr\u00e8s de quatre mois. Il s\u2019est r\u00e9veill\u00e9 en pleurs et avait une forte fi\u00e8vre. Heureusement, nous avons pu obtenir un rendez-vous d\u2019urgence avec notre m\u00e9decin de famille le lendemain matin \u00e0 8 heures. Entre-temps, nous lui avons donn\u00e9 du Tylenol pour tenter d\u2019apaiser sa douleur\u2026 [&hellip;]\" \/>\n<meta property=\"og:url\" content=\"https:\/\/habilitas.ca\/fr\/jack\/\" \/>\n<meta property=\"og:site_name\" content=\"Fondation Habilitas Foundation\" \/>\n<meta property=\"article:publisher\" content=\"https:\/\/www.facebook.com\/HABILITAS.fondation\/\" \/>\n<meta property=\"article:published_time\" content=\"2020-11-30T15:28:03+00:00\" \/>\n<meta property=\"article:modified_time\" content=\"2020-12-01T18:39:56+00:00\" \/>\n<meta property=\"og:image\" content=\"https:\/\/habilitas.ca\/wp-content\/uploads\/2020\/11\/Jack.jpg\" \/>\n\t<meta property=\"og:image:width\" content=\"800\" \/>\n\t<meta property=\"og:image:height\" content=\"534\" \/>\n\t<meta property=\"og:image:type\" content=\"image\/jpeg\" \/>\n<meta name=\"author\" content=\"Ryan Hayes\" \/>\n<meta name=\"twitter:card\" content=\"summary_large_image\" \/>\n<meta name=\"twitter:label1\" content=\"\u00c9crit par\" \/>\n\t<meta name=\"twitter:data1\" content=\"Ryan Hayes\" \/>\n\t<meta name=\"twitter:label2\" content=\"Dur\u00e9e de lecture estim\u00e9e\" \/>\n\t<meta name=\"twitter:data2\" content=\"8 minutes\" \/>\n<script type=\"application\/ld+json\" class=\"yoast-schema-graph\">{\"@context\":\"https:\/\/schema.org\",\"@graph\":[{\"@type\":\"Article\",\"@id\":\"https:\/\/habilitas.ca\/fr\/jack\/#article\",\"isPartOf\":{\"@id\":\"https:\/\/habilitas.ca\/fr\/jack\/\"},\"author\":{\"name\":\"Ryan Hayes\",\"@id\":\"https:\/\/habilitas.ca\/#\/schema\/person\/9bb497f43095887cc9dfc4fa873e3400\"},\"headline\":\"Jack\",\"datePublished\":\"2020-11-30T15:28:03+00:00\",\"dateModified\":\"2020-12-01T18:39:56+00:00\",\"mainEntityOfPage\":{\"@id\":\"https:\/\/habilitas.ca\/fr\/jack\/\"},\"wordCount\":1539,\"image\":{\"@id\":\"https:\/\/habilitas.ca\/fr\/jack\/#primaryimage\"},\"thumbnailUrl\":\"https:\/\/habilitas.ca\/wp-content\/uploads\/2020\/11\/Jack.jpg\",\"articleSection\":[\"Histoires de client\u00b7e\u00b7s\"],\"inLanguage\":\"fr-FR\"},{\"@type\":\"WebPage\",\"@id\":\"https:\/\/habilitas.ca\/fr\/jack\/\",\"url\":\"https:\/\/habilitas.ca\/fr\/jack\/\",\"name\":\"Jack - Fondation Habilitas Foundation\",\"isPartOf\":{\"@id\":\"https:\/\/habilitas.ca\/#website\"},\"primaryImageOfPage\":{\"@id\":\"https:\/\/habilitas.ca\/fr\/jack\/#primaryimage\"},\"image\":{\"@id\":\"https:\/\/habilitas.ca\/fr\/jack\/#primaryimage\"},\"thumbnailUrl\":\"https:\/\/habilitas.ca\/wp-content\/uploads\/2020\/11\/Jack.jpg\",\"datePublished\":\"2020-11-30T15:28:03+00:00\",\"dateModified\":\"2020-12-01T18:39:56+00:00\",\"author\":{\"@id\":\"https:\/\/habilitas.ca\/#\/schema\/person\/9bb497f43095887cc9dfc4fa873e3400\"},\"breadcrumb\":{\"@id\":\"https:\/\/habilitas.ca\/fr\/jack\/#breadcrumb\"},\"inLanguage\":\"fr-FR\",\"potentialAction\":[{\"@type\":\"ReadAction\",\"target\":[\"https:\/\/habilitas.ca\/fr\/jack\/\"]}]},{\"@type\":\"ImageObject\",\"inLanguage\":\"fr-FR\",\"@id\":\"https:\/\/habilitas.ca\/fr\/jack\/#primaryimage\",\"url\":\"https:\/\/habilitas.ca\/wp-content\/uploads\/2020\/11\/Jack.jpg\",\"contentUrl\":\"https:\/\/habilitas.ca\/wp-content\/uploads\/2020\/11\/Jack.jpg\",\"width\":800,\"height\":534},{\"@type\":\"BreadcrumbList\",\"@id\":\"https:\/\/habilitas.ca\/fr\/jack\/#breadcrumb\",\"itemListElement\":[{\"@type\":\"ListItem\",\"position\":1,\"name\":\"Home\",\"item\":\"https:\/\/habilitas.ca\/fr\/\"},{\"@type\":\"ListItem\",\"position\":2,\"name\":\"Jack\"}]},{\"@type\":\"WebSite\",\"@id\":\"https:\/\/habilitas.ca\/#website\",\"url\":\"https:\/\/habilitas.ca\/\",\"name\":\"Habilitas\",\"description\":\"\",\"potentialAction\":[{\"@type\":\"SearchAction\",\"target\":{\"@type\":\"EntryPoint\",\"urlTemplate\":\"https:\/\/habilitas.ca\/?s={search_term_string}\"},\"query-input\":{\"@type\":\"PropertyValueSpecification\",\"valueRequired\":true,\"valueName\":\"search_term_string\"}}],\"inLanguage\":\"fr-FR\"},{\"@type\":\"Person\",\"@id\":\"https:\/\/habilitas.ca\/#\/schema\/person\/9bb497f43095887cc9dfc4fa873e3400\",\"name\":\"Ryan Hayes\"}]}<\/script>\n<!-- \/ Yoast SEO plugin. -->","yoast_head_json":{"title":"Jack - Fondation Habilitas Foundation","robots":{"index":"index","follow":"follow","max-snippet":"max-snippet:-1","max-image-preview":"max-image-preview:large","max-video-preview":"max-video-preview:-1"},"canonical":"https:\/\/habilitas.ca\/fr\/jack\/","og_locale":"fr_FR","og_type":"article","og_title":"Jack - Fondation Habilitas Foundation","og_description":"Tout a commenc\u00e9 un dimanche soir alors que Jack avait pr\u00e8s de quatre mois. Il s\u2019est r\u00e9veill\u00e9 en pleurs et avait une forte fi\u00e8vre. Heureusement, nous avons pu obtenir un rendez-vous d\u2019urgence avec notre m\u00e9decin de famille le lendemain matin \u00e0 8 heures. Entre-temps, nous lui avons donn\u00e9 du Tylenol pour tenter d\u2019apaiser sa douleur\u2026 [&hellip;]","og_url":"https:\/\/habilitas.ca\/fr\/jack\/","og_site_name":"Fondation Habilitas Foundation","article_publisher":"https:\/\/www.facebook.com\/HABILITAS.fondation\/","article_published_time":"2020-11-30T15:28:03+00:00","article_modified_time":"2020-12-01T18:39:56+00:00","og_image":[{"width":800,"height":534,"url":"https:\/\/habilitas.ca\/wp-content\/uploads\/2020\/11\/Jack.jpg","type":"image\/jpeg"}],"author":"Ryan Hayes","twitter_card":"summary_large_image","twitter_misc":{"\u00c9crit par":"Ryan Hayes","Dur\u00e9e de lecture estim\u00e9e":"8 minutes"},"schema":{"@context":"https:\/\/schema.org","@graph":[{"@type":"Article","@id":"https:\/\/habilitas.ca\/fr\/jack\/#article","isPartOf":{"@id":"https:\/\/habilitas.ca\/fr\/jack\/"},"author":{"name":"Ryan Hayes","@id":"https:\/\/habilitas.ca\/#\/schema\/person\/9bb497f43095887cc9dfc4fa873e3400"},"headline":"Jack","datePublished":"2020-11-30T15:28:03+00:00","dateModified":"2020-12-01T18:39:56+00:00","mainEntityOfPage":{"@id":"https:\/\/habilitas.ca\/fr\/jack\/"},"wordCount":1539,"image":{"@id":"https:\/\/habilitas.ca\/fr\/jack\/#primaryimage"},"thumbnailUrl":"https:\/\/habilitas.ca\/wp-content\/uploads\/2020\/11\/Jack.jpg","articleSection":["Histoires de client\u00b7e\u00b7s"],"inLanguage":"fr-FR"},{"@type":"WebPage","@id":"https:\/\/habilitas.ca\/fr\/jack\/","url":"https:\/\/habilitas.ca\/fr\/jack\/","name":"Jack - Fondation Habilitas Foundation","isPartOf":{"@id":"https:\/\/habilitas.ca\/#website"},"primaryImageOfPage":{"@id":"https:\/\/habilitas.ca\/fr\/jack\/#primaryimage"},"image":{"@id":"https:\/\/habilitas.ca\/fr\/jack\/#primaryimage"},"thumbnailUrl":"https:\/\/habilitas.ca\/wp-content\/uploads\/2020\/11\/Jack.jpg","datePublished":"2020-11-30T15:28:03+00:00","dateModified":"2020-12-01T18:39:56+00:00","author":{"@id":"https:\/\/habilitas.ca\/#\/schema\/person\/9bb497f43095887cc9dfc4fa873e3400"},"breadcrumb":{"@id":"https:\/\/habilitas.ca\/fr\/jack\/#breadcrumb"},"inLanguage":"fr-FR","potentialAction":[{"@type":"ReadAction","target":["https:\/\/habilitas.ca\/fr\/jack\/"]}]},{"@type":"ImageObject","inLanguage":"fr-FR","@id":"https:\/\/habilitas.ca\/fr\/jack\/#primaryimage","url":"https:\/\/habilitas.ca\/wp-content\/uploads\/2020\/11\/Jack.jpg","contentUrl":"https:\/\/habilitas.ca\/wp-content\/uploads\/2020\/11\/Jack.jpg","width":800,"height":534},{"@type":"BreadcrumbList","@id":"https:\/\/habilitas.ca\/fr\/jack\/#breadcrumb","itemListElement":[{"@type":"ListItem","position":1,"name":"Home","item":"https:\/\/habilitas.ca\/fr\/"},{"@type":"ListItem","position":2,"name":"Jack"}]},{"@type":"WebSite","@id":"https:\/\/habilitas.ca\/#website","url":"https:\/\/habilitas.ca\/","name":"Habilitas","description":"","potentialAction":[{"@type":"SearchAction","target":{"@type":"EntryPoint","urlTemplate":"https:\/\/habilitas.ca\/?s={search_term_string}"},"query-input":{"@type":"PropertyValueSpecification","valueRequired":true,"valueName":"search_term_string"}}],"inLanguage":"fr-FR"},{"@type":"Person","@id":"https:\/\/habilitas.ca\/#\/schema\/person\/9bb497f43095887cc9dfc4fa873e3400","name":"Ryan Hayes"}]}},"_links":{"self":[{"href":"https:\/\/habilitas.ca\/fr\/wp-json\/wp\/v2\/posts\/6372","targetHints":{"allow":["GET"]}}],"collection":[{"href":"https:\/\/habilitas.ca\/fr\/wp-json\/wp\/v2\/posts"}],"about":[{"href":"https:\/\/habilitas.ca\/fr\/wp-json\/wp\/v2\/types\/post"}],"author":[{"embeddable":true,"href":"https:\/\/habilitas.ca\/fr\/wp-json\/wp\/v2\/users\/13"}],"replies":[{"embeddable":true,"href":"https:\/\/habilitas.ca\/fr\/wp-json\/wp\/v2\/comments?post=6372"}],"version-history":[{"count":3,"href":"https:\/\/habilitas.ca\/fr\/wp-json\/wp\/v2\/posts\/6372\/revisions"}],"predecessor-version":[{"id":6382,"href":"https:\/\/habilitas.ca\/fr\/wp-json\/wp\/v2\/posts\/6372\/revisions\/6382"}],"wp:featuredmedia":[{"embeddable":true,"href":"https:\/\/habilitas.ca\/fr\/wp-json\/wp\/v2\/media\/6367"}],"wp:attachment":[{"href":"https:\/\/habilitas.ca\/fr\/wp-json\/wp\/v2\/media?parent=6372"}],"wp:term":[{"taxonomy":"category","embeddable":true,"href":"https:\/\/habilitas.ca\/fr\/wp-json\/wp\/v2\/categories?post=6372"},{"taxonomy":"post_tag","embeddable":true,"href":"https:\/\/habilitas.ca\/fr\/wp-json\/wp\/v2\/tags?post=6372"}],"curies":[{"name":"wp","href":"https:\/\/api.w.org\/{rel}","templated":true}]}}