{"id":3833,"date":"2019-08-28T10:41:52","date_gmt":"2019-08-28T15:41:52","guid":{"rendered":"https:\/\/habilitas.ca\/maryam\/"},"modified":"2019-08-30T10:23:24","modified_gmt":"2019-08-30T15:23:24","slug":"maryam","status":"publish","type":"post","link":"https:\/\/habilitas.ca\/fr\/maryam\/","title":{"rendered":"Maryam"},"content":{"rendered":"<p>[et_pb_section fb_built=\u00a0\u00bb1&Prime; _builder_version=\u00a0\u00bb3.22&Prime; fb_built=\u00a0\u00bb1&Prime; bb_built=\u00a0\u00bb1&Prime; _i=\u00a0\u00bb0&Prime; _address=\u00a0\u00bb0&Prime;][et_pb_row _builder_version=\u00a0\u00bb3.25&Prime; background_size=\u00a0\u00bbinitial\u00a0\u00bb background_position=\u00a0\u00bbtop_left\u00a0\u00bb background_repeat=\u00a0\u00bbrepeat\u00a0\u00bb _i=\u00a0\u00bb0&Prime; _address=\u00a0\u00bb0.0&Prime;][et_pb_column type=\u00a0\u00bb4_4&Prime; _builder_version=\u00a0\u00bb3.25&Prime; custom_padding=\u00a0\u00bb|||\u00a0\u00bb _i=\u00a0\u00bb0&Prime; _address=\u00a0\u00bb0.0.0&Prime; custom_padding__hover=\u00a0\u00bb|||\u00a0\u00bb][et_pb_post_title meta=\u00a0\u00bboff\u00a0\u00bb featured_image=\u00a0\u00bboff\u00a0\u00bb _builder_version=\u00a0\u00bb3.27.3&Prime; text_orientation=\u00a0\u00bbcenter\u00a0\u00bb _i=\u00a0\u00bb0&Prime; _address=\u00a0\u00bb0.0.0.0&Prime;][\/et_pb_post_title][\/et_pb_column][\/et_pb_row][et_pb_row _builder_version=\u00a0\u00bb3.25&Prime; background_size=\u00a0\u00bbinitial\u00a0\u00bb background_position=\u00a0\u00bbtop_left\u00a0\u00bb background_repeat=\u00a0\u00bbrepeat\u00a0\u00bb _i=\u00a0\u00bb1&Prime; _address=\u00a0\u00bb0.1&Prime;][et_pb_column type=\u00a0\u00bb4_4&Prime; _builder_version=\u00a0\u00bb3.25&Prime; custom_padding=\u00a0\u00bb|||\u00a0\u00bb _i=\u00a0\u00bb0&Prime; _address=\u00a0\u00bb0.1.0&Prime; custom_padding__hover=\u00a0\u00bb|||\u00a0\u00bb][et_pb_text _builder_version=\u00a0\u00bb3.27.3&Prime; hover_enabled=\u00a0\u00bb0&Prime; _i=\u00a0\u00bb0&Prime; _address=\u00a0\u00bb0.1.0.0&Prime;]<\/p>\n<p><strong>Je n\u2019oublierai jamais cette journ\u00e9e ni le vide que j\u2019ai ressenti.<\/strong><\/p>\n<p>Quand je me suis assise sur la chaise du sp\u00e9cialiste de la vue, il m\u2019a tendu une bo\u00eete de mouchoirs et m\u2019a annonc\u00e9 la nouvelle\u00a0: je devenais lentement aveugle.<\/p>\n<p>\u00ab\u00a0Tu vas devoir abandonner tes activit\u00e9s autonomes, m\u2019a dit le m\u00e9decin. L\u2019\u00e9cole sera trop difficile et tu auras du mal \u00e0 trouver un petit ami\u00a0\u00bb, a-t-il ajout\u00e9. J\u2019ai pos\u00e9 quelques questions, cherchant un espoir auquel m\u2019accrocher. \u00ab\u00a0Pourquoi devrais-je placer une sentence de mort au-dessus de ta t\u00eate?\u00a0\u00bb m\u2019a-t-il r\u00e9pondu.<\/p>\n<p>En quittant le bureau du m\u00e9decin, je me souviens de ne pas avoir regard\u00e9 des deux c\u00f4t\u00e9s de la rue avant de la traverser. \u00c7a n\u2019avait plus d\u2019importance.<\/p>\n<p>Ce soir-l\u00e0, en allant me coucher, j\u2019ai eu peur de fermer les yeux, par crainte de ne plus rien voir \u00e0 mon r\u00e9veil le lendemain matin.<\/p>\n<p>Cette nouvelle r\u00e9alit\u00e9 tranchait nettement avec ma personnalit\u00e9. J\u2019avais toujours \u00e9t\u00e9 fonceuse, ambitieuse et positive. Je plongeais t\u00eate premi\u00e8re dans la vie.<\/p>\n<p>Adolescente, mes probl\u00e8mes de vision se limitaient \u00e0 ne pas distinguer certaines couleurs comme brun et violet, ou gris et lilas. Ce n\u2019\u00e9tait pas bien important.<\/p>\n<p>\u00c0 21\u00a0ans, alors que j\u2019\u00e9tais en voyage spontan\u00e9 en sac \u00e0 dos avec une amie en Gr\u00e8ce, j\u2019ai remarqu\u00e9 pour la premi\u00e8re fois que j\u2019avais des probl\u00e8mes. \u00c9tant dans un environnement inconnu, je marchais plus lentement, je faisais plus attention et je penchais beaucoup plus la t\u00eate vers le sol. Faire la diff\u00e9rence entre des marches et des surfaces plates ou encore voir dans le noir devenait plus difficile.<\/p>\n<p>Lorsque je suis rentr\u00e9e \u00e0 la maison apr\u00e8s mon voyage, j\u2019ai commenc\u00e9 \u00e0 sentir que je perdais mon sens de l\u2019autonomie. J\u2019avais l\u2019habitude de sortir avec des amis pour prendre un caf\u00e9, magasiner, rire. Maintenant, ma zone de confort devenait lentement plus restreinte.<\/p>\n<p>Je ne voulais pas que les gens me voient tr\u00e9bucher et avoir l\u2019air maladroite, je ne m\u2019\u00e9loignais donc pas trop de la maison. Pendant un certain temps, j\u2019ai continu\u00e9 d\u2019aller au gym, car j\u2019aimais m\u2019entra\u00eener, mais j\u2019utilisais toujours le m\u00eame appareil pour \u00eatre plus en s\u00e9curit\u00e9. J\u2019ai tent\u00e9 d\u2019aller \u00e0 un rendez-vous<br \/>galant, mais j\u2019ai \u00e9t\u00e9 g\u00ean\u00e9e de tenir le menu \u00e0 l\u2019envers et je me suis perdue en revenant de la salle de bain.<\/p>\n<p>Rapidement, mon parcours a men\u00e9 \u00e0 un diagnostic de r\u00e9tinite pigmentaire, une maladie g\u00e9n\u00e9tique qui provoque la perte de la vision p\u00e9riph\u00e9rique de m\u00eame que des probl\u00e8mes de perception de la profondeur et de sensibilit\u00e9 \u00e0 la lumi\u00e8re. J\u2019ai senti que mon monde se refermait sur moi et que je me r\u00e9signais.<\/p>\n<p>[\/et_pb_text][\/et_pb_column][\/et_pb_row][et_pb_row column_structure=\u00a0\u00bb1_2,1_2&Prime; make_equal=\u00a0\u00bbon\u00a0\u00bb _builder_version=\u00a0\u00bb3.25&Prime; _i=\u00a0\u00bb2&Prime; _address=\u00a0\u00bb0.2&Prime;][et_pb_column type=\u00a0\u00bb1_2&Prime; module_class=\u00a0\u00bbds-vertical-align\u00a0\u00bb _builder_version=\u00a0\u00bb3.25&Prime; custom_padding=\u00a0\u00bb|||\u00a0\u00bb _i=\u00a0\u00bb0&Prime; _address=\u00a0\u00bb0.2.0&Prime; custom_padding__hover=\u00a0\u00bb|||\u00a0\u00bb][et_pb_text _builder_version=\u00a0\u00bb3.27.3&Prime; quote_font=\u00a0\u00bb||on||||||\u00a0\u00bb quote_text_align=\u00a0\u00bbcenter\u00a0\u00bb quote_font_size=\u00a0\u00bb22px\u00a0\u00bb hover_enabled=\u00a0\u00bb0&Prime; _i=\u00a0\u00bb0&Prime; _address=\u00a0\u00bb0.2.0.0&Prime;]<\/p>\n<blockquote>\n<p><strong>Alors que je sombrais dans la d\u00e9pression, j\u2019ai d\u00e9cid\u00e9 qu\u2019il me restait un choix : je pouvais abandonner ou continuer \u00e0 avancer. Il \u00e9tait temps de repartir \u00e0 z\u00e9ro.<br \/><\/strong><\/p>\n<\/blockquote>\n<p>[\/et_pb_text][\/et_pb_column][et_pb_column type=\u00a0\u00bb1_2&Prime; module_class=\u00a0\u00bbds-vertical-align\u00a0\u00bb _builder_version=\u00a0\u00bb3.25&Prime; custom_padding=\u00a0\u00bb|||\u00a0\u00bb _i=\u00a0\u00bb1&Prime; _address=\u00a0\u00bb0.2.1&Prime; custom_padding__hover=\u00a0\u00bb|||\u00a0\u00bb][et_pb_image src=\u00a0\u00bbhttps:\/\/habilitas.ca\/wp-content\/uploads\/2019\/08\/maryam-story-habilitas.jpg\u00a0\u00bb align_tablet=\u00a0\u00bbcenter\u00a0\u00bb align_last_edited=\u00a0\u00bbon|desktop\u00a0\u00bb _builder_version=\u00a0\u00bb3.27.3&Prime; _i=\u00a0\u00bb0&Prime; _address=\u00a0\u00bb0.2.1.0&Prime;][\/et_pb_image][\/et_pb_column][\/et_pb_row][et_pb_row _builder_version=\u00a0\u00bb3.25&Prime; background_size=\u00a0\u00bbinitial\u00a0\u00bb background_position=\u00a0\u00bbtop_left\u00a0\u00bb background_repeat=\u00a0\u00bbrepeat\u00a0\u00bb _i=\u00a0\u00bb3&Prime; _address=\u00a0\u00bb0.3&Prime;][et_pb_column type=\u00a0\u00bb4_4&Prime; _builder_version=\u00a0\u00bb3.25&Prime; custom_padding=\u00a0\u00bb|||\u00a0\u00bb _i=\u00a0\u00bb0&Prime; _address=\u00a0\u00bb0.3.0&Prime; custom_padding__hover=\u00a0\u00bb|||\u00a0\u00bb][et_pb_text _builder_version=\u00a0\u00bb3.27.3&Prime; hover_enabled=\u00a0\u00bb0&Prime; _i=\u00a0\u00bb0&Prime; _address=\u00a0\u00bb0.3.0.0&Prime;]<\/p>\n<p>J\u2019ai commenc\u00e9 \u00e0 fouiller sur Internet, cherchant d\u00e9sesp\u00e9r\u00e9ment des histoires de r\u00e9ussites de personnes ayant cette maladie. L\u2019histoire d\u2019April Lufriu, qui a remport\u00e9 le concours Mrs. America en 2011 et le concours Mrs. World l\u2019ann\u00e9e suivante, m\u2019a inspir\u00e9e. Je lui ai \u00e9crit un courriel et elle m\u2019a r\u00e9pondu en me parlant de son exp\u00e9rience avec des paroles d\u2019espoir et d\u2019encouragement. \u00ab\u00a0\u00c7a me fait chaud au c\u0153ur en fait de constater \u00e0 quel point tu es positive et que la vie ne g\u00e2chera pas tes projets de bonheur, m\u2019a-t-elle r\u00e9pondu. On appelle \u00e7a l\u2019ESPOIR!\u00a0\u00bb<\/p>\n<p>C\u2019est \u00e0 peu pr\u00e8s \u00e0 cette \u00e9poque qu\u2019on m\u2019a sugg\u00e9r\u00e9 de communiquer avec le MAB-Mackay, et je suis vraiment ravie de l\u2019avoir fait. C\u2019\u00e9tait comme un tout nouveau d\u00e9part pour moi.<\/p>\n<p>Tout le monde a \u00e9t\u00e9 tellement accueillant et pr\u00eat \u00e0 faire un petit extra pour m\u2019aider \u00e0 trouver des solutions \u00e0 tous les d\u00e9fis auxquels je faisais face. Ils m\u2019ont permis de me sentir en s\u00e9curit\u00e9 et comprise.<\/p>\n<p>Parmi les personnes sp\u00e9ciales que j\u2019ai rencontr\u00e9es au MAB-Mackay se trouve Kate qui m\u2019a enseign\u00e9 \u00e0 me d\u00e9placer avec une canne blanche. C\u2019\u00e9tait une \u00e9tape importante, car cela signifiait exposer ma vuln\u00e9rabilit\u00e9 aux autres. Je voulais toutefois briser mon isolement, j\u2019ai donc adopt\u00e9 la canne, qui est devenue un symbole de transformation. En formation, pour m\u2019obliger \u00e0 sortir de ma zone de confort, j\u2019ai choisi une des parties les plus exigeantes de la ville qui comprenait la station de m\u00e9tro Berri- UQAM et les rues pav\u00e9es du Vieux-Port. C\u2019est g\u00e9nial de pouvoir dor\u00e9navant de nouveau me d\u00e9placer seule en ville, maintenant que j\u2019ai plus confiance en ma mobilit\u00e9.<\/p>\n<p>C\u2019est Sara qui m\u2019a aid\u00e9e \u00e0 me r\u00e9ajuster pour mes \u00e9tudes. Quand je lui ai dit que je voulais abandonner l\u2019\u00e9cole, car je ne pouvais plus lire, elle m\u2019a aid\u00e9 \u00e0 trouver des solutions. Elle m\u2019a donn\u00e9 un cours de 6\u00a0mois en braille int\u00e9gral, une exp\u00e9rience qu\u2019elle a rendue fort amusante. J\u2019ai ainsi pu \u00e9prouver un v\u00e9ritable sentiment d&amp;#39;accomplissement, et c\u2019est maintenant tr\u00e8s utile dans mes pr\u00e9sentations puisque je suis de retour \u00e0 l\u2019universit\u00e9.<\/p>\n<p>D\u2019autres sp\u00e9cialistes du MAB-Mackay m\u2019ont aid\u00e9 \u00e0 acqu\u00e9rir des techniques ind\u00e9pendantes en cuisine et \u00e0 r\u00e9organiser l\u2019\u00e9clairage chez moi pour que je puisse mieux fonctionner. Ils m\u2019ont enseign\u00e9 plusieurs trucs et m\u2019ont montr\u00e9 des applications particuli\u00e8res sur mon t\u00e9l\u00e9phone intelligent. De plus, ils m\u2019ont guid\u00e9 vers une carri\u00e8re de r\u00eave en m\u2019aidant \u00e0 voir des qualit\u00e9s et des habilet\u00e9s professionnelles que je ne pensais pas avoir.<\/p>\n<p>J\u2019ai tellement appris au MAB-Mackay, et j\u2019ai depuis repris confiance et je vois de nouveau la vie de fa\u00e7on positive. Le personnel m\u2019a montr\u00e9 que tout est possible, m\u00eame avec ma perte de vision. J\u2019ai commenc\u00e9 \u00e0 pratiquer le kickboxing et je termine un certificat en relations publiques et un autre en entrepreneuriat \u00e0 McGill. J\u2019ai aussi commenc\u00e9 \u00e0 m\u2019exercer \u00e0 l\u2019art oratoire. Mon objectif est de lancer ma propre entreprise de coach de vie.<\/p>\n<p><strong>Sans vous, rien de tout cela n\u2019aurait \u00e9t\u00e9 possible!<\/strong><\/p>\n<p>Alors me voici ici aujourd\u2019hui. Je suis aveugle au sens de la loi. J\u2019arrive seulement \u00e0 voir ce qui se trouve \u00e0 mes c\u00f4t\u00e9s et non pas directement devant moi. Personne ne sait si je vais perdre compl\u00e8tement la vue, et le temps que cela pourrait prendre. Je refuse toutefois que cela m\u2019emp\u00eache de r\u00e9aliser mes r\u00eaves. Ma vision de la vie est dor\u00e9navant claire, et je sais que le MAB-Mackay m\u2019accompagnera dans ette voie.<\/p>\n<p>Avec mes remerciements chaleureux,<\/p>\n<p>Maryam, 29 ans et la t\u00eate emplie de r\u00eaves<\/p>\n<p>[\/et_pb_text][et_pb_button button_url=\u00a0\u00bbhttps:\/\/habilitas.ca\/fr\/nos-histoires\/\u00a0\u00bb button_text=\u00a0\u00bbAutres histoires\u00a0\u00bb button_alignment=\u00a0\u00bbleft\u00a0\u00bb admin_label=\u00a0\u00bbMore Stories\u00a0\u00bb _builder_version=\u00a0\u00bb3.27.3&Prime; hover_enabled=\u00a0\u00bb0&Prime; _i=\u00a0\u00bb1&Prime; _address=\u00a0\u00bb0.3.0.1&Prime;][\/et_pb_button][\/et_pb_column][\/et_pb_row][\/et_pb_section][et_pb_section fb_built=\u00a0\u00bb1&Prime; _builder_version=\u00a0\u00bb3.22&Prime; background_color=\u00a0\u00bbrgba(68,205,207,0.3)\u00a0\u00bb custom_margin=\u00a0\u00bb||0px|\u00a0\u00bb custom_padding=\u00a0\u00bb||0px|\u00a0\u00bb fb_built=\u00a0\u00bb1&Prime; _i=\u00a0\u00bb0&Prime; _address=\u00a0\u00bb0&Prime;][et_pb_row _builder_version=\u00a0\u00bb3.25&Prime; background_size=\u00a0\u00bbinitial\u00a0\u00bb background_position=\u00a0\u00bbtop_left\u00a0\u00bb background_repeat=\u00a0\u00bbrepeat\u00a0\u00bb _i=\u00a0\u00bb0&Prime; _address=\u00a0\u00bb0.0&Prime; column_structure=\u00a0\u00bb1_4,1_4,1_4,1_4&Prime;][et_pb_column type=\u00a0\u00bb1_4&Prime; _builder_version=\u00a0\u00bb3.25&Prime; custom_padding=\u00a0\u00bb|||\u00a0\u00bb _i=\u00a0\u00bb0&Prime; _address=\u00a0\u00bb0.0.0&Prime; custom_padding__hover=\u00a0\u00bb|||\u00a0\u00bb][et_pb_signup provider=\u00a0\u00bbconstant_contact\u00a0\u00bb constant_contact_list=\u00a0\u00bbHABILITAS Website|1116831926&Prime; first_name_field=\u00a0\u00bboff\u00a0\u00bb last_name_field=\u00a0\u00bboff\u00a0\u00bb title=\u00a0\u00bbInscrivez-vous \u00e0 notre infolettre\u00a0\u00bb button_text=\u00a0\u00bbS\u2019abonner\u00a0\u00bb admin_label=\u00a0\u00bbEmail Option\u00a0\u00bb _builder_version=\u00a0\u00bb3.23&Prime; header_font=\u00a0\u00bb|600|||||||\u00a0\u00bb header_text_color=\u00a0\u00bb#313175&Prime; header_font_size=\u00a0\u00bb18&Prime; use_background_color=\u00a0\u00bboff\u00a0\u00bb border_radii_fields=\u00a0\u00bbon|50px|50px|50px|50px\u00a0\u00bb background_layout=\u00a0\u00bblight\u00a0\u00bb _i=\u00a0\u00bb0&Prime; _address=\u00a0\u00bb0.0.0.0&Prime;][\/et_pb_signup][\/et_pb_column][et_pb_column type=\u00a0\u00bb1_4&Prime; _builder_version=\u00a0\u00bb3.25&Prime; custom_padding=\u00a0\u00bb|||\u00a0\u00bb _i=\u00a0\u00bb1&Prime; _address=\u00a0\u00bb0.0.1&Prime; custom_padding__hover=\u00a0\u00bb|||\u00a0\u00bb][et_pb_text _builder_version=\u00a0\u00bb3.19.10&Prime; text_font_size=\u00a0\u00bb14px\u00a0\u00bb header_4_font=\u00a0\u00bb|600|||||||\u00a0\u00bb _i=\u00a0\u00bb0&Prime; _address=\u00a0\u00bb0.0.1.0&Prime;]<\/p>\n<h4>Foundation<\/h4>\n<p><a href=\"https:\/\/habilitas.ca\/fr\/nos-histoires\/\">Nos histoires<\/a><br \/><a href=\"https:\/\/habilitas.ca\/fr\/evenements\/\">\u00c9v\u00e9nements<\/a><br \/><a href=\"https:\/\/habilitas.ca\/fr\/supports-habilitas\/\">Supports HABILITAS<\/a><br \/><a href=\"https:\/\/habilitas.ca\/fr\/qui-sommes-nous\/notre-equipe\/\">Notre \u00e9quipe<\/a><br \/><a href=\"https:\/\/habilitas.ca\/fr\/qui-sommes-nous\/communiquez-avec-nous\/\">Communiquez avec nous<\/a><\/p>\n<p>[\/et_pb_text][\/et_pb_column][et_pb_column type=\u00a0\u00bb1_4&Prime; _builder_version=\u00a0\u00bb3.25&Prime; custom_padding=\u00a0\u00bb|||\u00a0\u00bb _i=\u00a0\u00bb2&Prime; _address=\u00a0\u00bb0.0.2&Prime; custom_padding__hover=\u00a0\u00bb|||\u00a0\u00bb][et_pb_text _builder_version=\u00a0\u00bb3.23.1&Prime; text_font_size=\u00a0\u00bb14px\u00a0\u00bb header_4_font=\u00a0\u00bb|600|||||||\u00a0\u00bb _i=\u00a0\u00bb0&Prime; _address=\u00a0\u00bb0.0.2.0&Prime;]<\/p>\n<h4>Faire un don<\/h4>\n<p><a href=\"https:\/\/habilitas.ca\/fr\/don-en-linge\/\">Don en ligne<\/a><br \/><a href=\"https:\/\/habilitas.ca\/fr\/facons-de-faire-un-don\/\">Fa\u00e7ons de faire un don<\/a><br \/><a href=\"https:\/\/habilitas.ca\/fr\/impliquez-vous\/\">Impliquez-vous<\/a><\/p>\n<p>[\/et_pb_text][\/et_pb_column][et_pb_column type=\u00a0\u00bb1_4&Prime; _builder_version=\u00a0\u00bb3.25&Prime; custom_padding=\u00a0\u00bb|||\u00a0\u00bb _i=\u00a0\u00bb3&Prime; _address=\u00a0\u00bb0.0.3&Prime; custom_padding__hover=\u00a0\u00bb|||\u00a0\u00bb][et_pb_image src=\u00a0\u00bbhttps:\/\/habilitas.ca\/wp-content\/uploads\/2019\/01\/Habilitas-Logo-Icon-H-Bil-Dark-RGB.png\u00a0\u00bb url=\u00a0\u00bbhttp:\/\/habilitas.ca\/fr\/\u00a0\u00bb align_tablet=\u00a0\u00bbcenter\u00a0\u00bb align_last_edited=\u00a0\u00bbon|desktop\u00a0\u00bb _builder_version=\u00a0\u00bb3.23&Prime; _i=\u00a0\u00bb0&Prime; _address=\u00a0\u00bb0.0.3.0&Prime;][\/et_pb_image][et_pb_social_media_follow disabled_on=\u00a0\u00bboff|off|off\u00a0\u00bb _builder_version=\u00a0\u00bb3.19.10&Prime; border_radii=\u00a0\u00bbon|50px|50px|50px|50px\u00a0\u00bb text_orientation=\u00a0\u00bbleft\u00a0\u00bb _i=\u00a0\u00bb1&Prime; _address=\u00a0\u00bb0.0.3.1&Prime;][et_pb_social_media_follow_network social_network=\u00a0\u00bbfacebook\u00a0\u00bb url=\u00a0\u00bbhttps:\/\/www.facebook.com\/HABILITAS.fondation\/\u00a0\u00bb _builder_version=\u00a0\u00bb3.19.10&Prime; background_color=\u00a0\u00bb#313175&Prime; border_radii=\u00a0\u00bbon|3px|3px|3px|3px\u00a0\u00bb follow_button=\u00a0\u00bboff\u00a0\u00bb url_new_window=\u00a0\u00bbon\u00a0\u00bb _i=\u00a0\u00bb0&Prime; _address=\u00a0\u00bb0.0.3.1.0&Prime;]<\/p>\n<p>Facebook<\/p>\n<p>[\/et_pb_social_media_follow_network][et_pb_social_media_follow_network social_network=\u00a0\u00bblinkedin\u00a0\u00bb url=\u00a0\u00bbhttps:\/\/www.linkedin.com\/company\/fondation-habilitas-foundation\/\u00a0\u00bb _builder_version=\u00a0\u00bb3.19.10&Prime; background_color=\u00a0\u00bb#00ab89&Prime; border_radii=\u00a0\u00bbon|3px|3px|3px|3px\u00a0\u00bb follow_button=\u00a0\u00bboff\u00a0\u00bb url_new_window=\u00a0\u00bbon\u00a0\u00bb _i=\u00a0\u00bb1&Prime; _address=\u00a0\u00bb0.0.3.1.1&Prime;]<\/p>\n<p>LinkedIn<\/p>\n<p>[\/et_pb_social_media_follow_network][et_pb_social_media_follow_network social_network=\u00a0\u00bbinstagram\u00a0\u00bb url=\u00a0\u00bbhttps:\/\/www.instagram.com\/habilitas.fondation\/\u00a0\u00bb _builder_version=\u00a0\u00bb3.19.10&Prime; background_color=\u00a0\u00bb#e7507b\u00a0\u00bb border_radii=\u00a0\u00bbon|3px|3px|3px|3px\u00a0\u00bb follow_button=\u00a0\u00bboff\u00a0\u00bb url_new_window=\u00a0\u00bbon\u00a0\u00bb _i=\u00a0\u00bb2&Prime; _address=\u00a0\u00bb0.0.3.1.2&Prime;]<\/p>\n<p>Instagram<\/p>\n<p>[\/et_pb_social_media_follow_network][\/et_pb_social_media_follow][\/et_pb_column][\/et_pb_row][et_pb_row _builder_version=\u00a0\u00bb3.25&Prime; custom_margin=\u00a0\u00bb||0px|\u00a0\u00bb custom_padding=\u00a0\u00bb||0px|\u00a0\u00bb _i=\u00a0\u00bb1&Prime; _address=\u00a0\u00bb0.1&Prime; column_structure=\u00a0\u00bb1_3,1_3,1_3&Prime;][et_pb_column type=\u00a0\u00bb1_3&Prime; _builder_version=\u00a0\u00bb3.25&Prime; custom_padding=\u00a0\u00bb|||\u00a0\u00bb _i=\u00a0\u00bb0&Prime; _address=\u00a0\u00bb0.1.0&Prime; custom_padding__hover=\u00a0\u00bb|||\u00a0\u00bb][\/et_pb_column][et_pb_column type=\u00a0\u00bb1_3&Prime; _builder_version=\u00a0\u00bb3.25&Prime; custom_padding=\u00a0\u00bb|||\u00a0\u00bb _i=\u00a0\u00bb1&Prime; _address=\u00a0\u00bb0.1.1&Prime; custom_padding__hover=\u00a0\u00bb|||\u00a0\u00bb][et_pb_text _builder_version=\u00a0\u00bb3.19.9&Prime; link_text_align=\u00a0\u00bbcenter\u00a0\u00bb link_font_size=\u00a0\u00bb12px\u00a0\u00bb text_orientation=\u00a0\u00bbcenter\u00a0\u00bb custom_margin=\u00a0\u00bb||0px|\u00a0\u00bb custom_padding=\u00a0\u00bb0px||0px|\u00a0\u00bb _i=\u00a0\u00bb0&Prime; _address=\u00a0\u00bb0.1.1.0&Prime;]<\/p>\n<p><span style=\"color: #ffffff;\"><a style=\"color: #ffffff;\" href=\"https:\/\/sparrowstrategy.com\/\" target=\"_blank\" rel=\"noopener noreferrer\">Web Design Sparrow Digital<\/a><\/span><\/p>\n<p>[\/et_pb_text][\/et_pb_column][et_pb_column type=\u00a0\u00bb1_3&Prime; _builder_version=\u00a0\u00bb3.25&Prime; custom_padding=\u00a0\u00bb|||\u00a0\u00bb _i=\u00a0\u00bb2&Prime; _address=\u00a0\u00bb0.1.2&Prime; custom_padding__hover=\u00a0\u00bb|||\u00a0\u00bb][\/et_pb_column][\/et_pb_row][\/et_pb_section]<\/p>\n","protected":false},"excerpt":{"rendered":"<p>Je n\u2019oublierai jamais cette journ\u00e9e ni le vide que j\u2019ai ressenti. Quand je me suis assise sur la chaise du sp\u00e9cialiste de la vue, il m\u2019a tendu une bo\u00eete de mouchoirs et m\u2019a annonc\u00e9 la nouvelle\u00a0: je devenais lentement aveugle. \u00ab\u00a0Tu vas devoir abandonner tes activit\u00e9s autonomes, m\u2019a dit le m\u00e9decin. L\u2019\u00e9cole sera trop difficile [&hellip;]<\/p>\n","protected":false},"author":13,"featured_media":3829,"comment_status":"closed","ping_status":"open","sticky":false,"template":"","format":"standard","meta":{"_et_pb_use_builder":"on","_et_pb_old_content":"","_et_gb_content_width":"","_monsterinsights_skip_tracking":false,"_monsterinsights_sitenote_active":false,"_monsterinsights_sitenote_note":"","_monsterinsights_sitenote_category":0,"footnotes":""},"categories":[26],"tags":[],"class_list":["post-3833","post","type-post","status-publish","format-standard","has-post-thumbnail","hentry","category-histoires-de-clientes"],"yoast_head":"<!-- This site is optimized with the Yoast SEO plugin v27.1.1 - https:\/\/yoast.com\/product\/yoast-seo-wordpress\/ -->\n<title>Maryam\u2019s Story - Habilitas<\/title>\n<meta name=\"description\" content=\"Slipping into depression, I decided I had a choice: I could give up, or keep going. It was time to hit reset on my life. How Habilitas helped me.\" \/>\n<meta name=\"robots\" content=\"index, follow, max-snippet:-1, max-image-preview:large, max-video-preview:-1\" \/>\n<link rel=\"canonical\" href=\"https:\/\/habilitas.ca\/fr\/maryam\/\" \/>\n<meta property=\"og:locale\" content=\"fr_FR\" \/>\n<meta property=\"og:type\" content=\"article\" \/>\n<meta property=\"og:title\" content=\"Maryam\u2019s Story - Habilitas\" \/>\n<meta property=\"og:description\" content=\"Slipping into depression, I decided I had a choice: I could give up, or keep going. It was time to hit reset on my life. How Habilitas helped me.\" \/>\n<meta property=\"og:url\" content=\"https:\/\/habilitas.ca\/fr\/maryam\/\" \/>\n<meta property=\"og:site_name\" content=\"Fondation Habilitas Foundation\" \/>\n<meta property=\"article:publisher\" content=\"https:\/\/www.facebook.com\/HABILITAS.fondation\/\" \/>\n<meta property=\"article:published_time\" content=\"2019-08-28T15:41:52+00:00\" \/>\n<meta property=\"article:modified_time\" content=\"2019-08-30T15:23:24+00:00\" \/>\n<meta property=\"og:image\" content=\"https:\/\/habilitas.ca\/wp-content\/uploads\/2019\/08\/maryam-story-habilitas.jpg\" \/>\n\t<meta property=\"og:image:width\" content=\"1200\" \/>\n\t<meta property=\"og:image:height\" content=\"877\" \/>\n\t<meta property=\"og:image:type\" content=\"image\/jpeg\" \/>\n<meta name=\"author\" content=\"Ryan Hayes\" \/>\n<meta name=\"twitter:card\" content=\"summary_large_image\" \/>\n<meta name=\"twitter:label1\" content=\"\u00c9crit par\" \/>\n\t<meta name=\"twitter:data1\" content=\"Ryan Hayes\" \/>\n\t<meta name=\"twitter:label2\" content=\"Dur\u00e9e de lecture estim\u00e9e\" \/>\n\t<meta name=\"twitter:data2\" content=\"10 minutes\" \/>\n<script type=\"application\/ld+json\" class=\"yoast-schema-graph\">{\"@context\":\"https:\/\/schema.org\",\"@graph\":[{\"@type\":\"Article\",\"@id\":\"https:\/\/habilitas.ca\/fr\/maryam\/#article\",\"isPartOf\":{\"@id\":\"https:\/\/habilitas.ca\/fr\/maryam\/\"},\"author\":{\"name\":\"Ryan Hayes\",\"@id\":\"https:\/\/habilitas.ca\/#\/schema\/person\/9bb497f43095887cc9dfc4fa873e3400\"},\"headline\":\"Maryam\",\"datePublished\":\"2019-08-28T15:41:52+00:00\",\"dateModified\":\"2019-08-30T15:23:24+00:00\",\"mainEntityOfPage\":{\"@id\":\"https:\/\/habilitas.ca\/fr\/maryam\/\"},\"wordCount\":2006,\"image\":{\"@id\":\"https:\/\/habilitas.ca\/fr\/maryam\/#primaryimage\"},\"thumbnailUrl\":\"https:\/\/habilitas.ca\/wp-content\/uploads\/2019\/08\/maryam-story-habilitas.jpg\",\"articleSection\":[\"Histoires de client\u00b7e\u00b7s\"],\"inLanguage\":\"fr-FR\"},{\"@type\":\"WebPage\",\"@id\":\"https:\/\/habilitas.ca\/fr\/maryam\/\",\"url\":\"https:\/\/habilitas.ca\/fr\/maryam\/\",\"name\":\"Maryam\u2019s Story - Habilitas\",\"isPartOf\":{\"@id\":\"https:\/\/habilitas.ca\/#website\"},\"primaryImageOfPage\":{\"@id\":\"https:\/\/habilitas.ca\/fr\/maryam\/#primaryimage\"},\"image\":{\"@id\":\"https:\/\/habilitas.ca\/fr\/maryam\/#primaryimage\"},\"thumbnailUrl\":\"https:\/\/habilitas.ca\/wp-content\/uploads\/2019\/08\/maryam-story-habilitas.jpg\",\"datePublished\":\"2019-08-28T15:41:52+00:00\",\"dateModified\":\"2019-08-30T15:23:24+00:00\",\"author\":{\"@id\":\"https:\/\/habilitas.ca\/#\/schema\/person\/9bb497f43095887cc9dfc4fa873e3400\"},\"description\":\"Slipping into depression, I decided I had a choice: I could give up, or keep going. It was time to hit reset on my life. How Habilitas helped me.\",\"breadcrumb\":{\"@id\":\"https:\/\/habilitas.ca\/fr\/maryam\/#breadcrumb\"},\"inLanguage\":\"fr-FR\",\"potentialAction\":[{\"@type\":\"ReadAction\",\"target\":[\"https:\/\/habilitas.ca\/fr\/maryam\/\"]}]},{\"@type\":\"ImageObject\",\"inLanguage\":\"fr-FR\",\"@id\":\"https:\/\/habilitas.ca\/fr\/maryam\/#primaryimage\",\"url\":\"https:\/\/habilitas.ca\/wp-content\/uploads\/2019\/08\/maryam-story-habilitas.jpg\",\"contentUrl\":\"https:\/\/habilitas.ca\/wp-content\/uploads\/2019\/08\/maryam-story-habilitas.jpg\",\"width\":1200,\"height\":877,\"caption\":\"Maryam's story - Habilitas\"},{\"@type\":\"BreadcrumbList\",\"@id\":\"https:\/\/habilitas.ca\/fr\/maryam\/#breadcrumb\",\"itemListElement\":[{\"@type\":\"ListItem\",\"position\":1,\"name\":\"Home\",\"item\":\"https:\/\/habilitas.ca\/fr\/\"},{\"@type\":\"ListItem\",\"position\":2,\"name\":\"Maryam\"}]},{\"@type\":\"WebSite\",\"@id\":\"https:\/\/habilitas.ca\/#website\",\"url\":\"https:\/\/habilitas.ca\/\",\"name\":\"Habilitas\",\"description\":\"\",\"potentialAction\":[{\"@type\":\"SearchAction\",\"target\":{\"@type\":\"EntryPoint\",\"urlTemplate\":\"https:\/\/habilitas.ca\/?s={search_term_string}\"},\"query-input\":{\"@type\":\"PropertyValueSpecification\",\"valueRequired\":true,\"valueName\":\"search_term_string\"}}],\"inLanguage\":\"fr-FR\"},{\"@type\":\"Person\",\"@id\":\"https:\/\/habilitas.ca\/#\/schema\/person\/9bb497f43095887cc9dfc4fa873e3400\",\"name\":\"Ryan Hayes\"}]}<\/script>\n<!-- \/ Yoast SEO plugin. -->","yoast_head_json":{"title":"Maryam\u2019s Story - Habilitas","description":"Slipping into depression, I decided I had a choice: I could give up, or keep going. It was time to hit reset on my life. How Habilitas helped me.","robots":{"index":"index","follow":"follow","max-snippet":"max-snippet:-1","max-image-preview":"max-image-preview:large","max-video-preview":"max-video-preview:-1"},"canonical":"https:\/\/habilitas.ca\/fr\/maryam\/","og_locale":"fr_FR","og_type":"article","og_title":"Maryam\u2019s Story - Habilitas","og_description":"Slipping into depression, I decided I had a choice: I could give up, or keep going. It was time to hit reset on my life. How Habilitas helped me.","og_url":"https:\/\/habilitas.ca\/fr\/maryam\/","og_site_name":"Fondation Habilitas Foundation","article_publisher":"https:\/\/www.facebook.com\/HABILITAS.fondation\/","article_published_time":"2019-08-28T15:41:52+00:00","article_modified_time":"2019-08-30T15:23:24+00:00","og_image":[{"width":1200,"height":877,"url":"https:\/\/habilitas.ca\/wp-content\/uploads\/2019\/08\/maryam-story-habilitas.jpg","type":"image\/jpeg"}],"author":"Ryan Hayes","twitter_card":"summary_large_image","twitter_misc":{"\u00c9crit par":"Ryan Hayes","Dur\u00e9e de lecture estim\u00e9e":"10 minutes"},"schema":{"@context":"https:\/\/schema.org","@graph":[{"@type":"Article","@id":"https:\/\/habilitas.ca\/fr\/maryam\/#article","isPartOf":{"@id":"https:\/\/habilitas.ca\/fr\/maryam\/"},"author":{"name":"Ryan Hayes","@id":"https:\/\/habilitas.ca\/#\/schema\/person\/9bb497f43095887cc9dfc4fa873e3400"},"headline":"Maryam","datePublished":"2019-08-28T15:41:52+00:00","dateModified":"2019-08-30T15:23:24+00:00","mainEntityOfPage":{"@id":"https:\/\/habilitas.ca\/fr\/maryam\/"},"wordCount":2006,"image":{"@id":"https:\/\/habilitas.ca\/fr\/maryam\/#primaryimage"},"thumbnailUrl":"https:\/\/habilitas.ca\/wp-content\/uploads\/2019\/08\/maryam-story-habilitas.jpg","articleSection":["Histoires de client\u00b7e\u00b7s"],"inLanguage":"fr-FR"},{"@type":"WebPage","@id":"https:\/\/habilitas.ca\/fr\/maryam\/","url":"https:\/\/habilitas.ca\/fr\/maryam\/","name":"Maryam\u2019s Story - Habilitas","isPartOf":{"@id":"https:\/\/habilitas.ca\/#website"},"primaryImageOfPage":{"@id":"https:\/\/habilitas.ca\/fr\/maryam\/#primaryimage"},"image":{"@id":"https:\/\/habilitas.ca\/fr\/maryam\/#primaryimage"},"thumbnailUrl":"https:\/\/habilitas.ca\/wp-content\/uploads\/2019\/08\/maryam-story-habilitas.jpg","datePublished":"2019-08-28T15:41:52+00:00","dateModified":"2019-08-30T15:23:24+00:00","author":{"@id":"https:\/\/habilitas.ca\/#\/schema\/person\/9bb497f43095887cc9dfc4fa873e3400"},"description":"Slipping into depression, I decided I had a choice: I could give up, or keep going. It was time to hit reset on my life. How Habilitas helped me.","breadcrumb":{"@id":"https:\/\/habilitas.ca\/fr\/maryam\/#breadcrumb"},"inLanguage":"fr-FR","potentialAction":[{"@type":"ReadAction","target":["https:\/\/habilitas.ca\/fr\/maryam\/"]}]},{"@type":"ImageObject","inLanguage":"fr-FR","@id":"https:\/\/habilitas.ca\/fr\/maryam\/#primaryimage","url":"https:\/\/habilitas.ca\/wp-content\/uploads\/2019\/08\/maryam-story-habilitas.jpg","contentUrl":"https:\/\/habilitas.ca\/wp-content\/uploads\/2019\/08\/maryam-story-habilitas.jpg","width":1200,"height":877,"caption":"Maryam's story - Habilitas"},{"@type":"BreadcrumbList","@id":"https:\/\/habilitas.ca\/fr\/maryam\/#breadcrumb","itemListElement":[{"@type":"ListItem","position":1,"name":"Home","item":"https:\/\/habilitas.ca\/fr\/"},{"@type":"ListItem","position":2,"name":"Maryam"}]},{"@type":"WebSite","@id":"https:\/\/habilitas.ca\/#website","url":"https:\/\/habilitas.ca\/","name":"Habilitas","description":"","potentialAction":[{"@type":"SearchAction","target":{"@type":"EntryPoint","urlTemplate":"https:\/\/habilitas.ca\/?s={search_term_string}"},"query-input":{"@type":"PropertyValueSpecification","valueRequired":true,"valueName":"search_term_string"}}],"inLanguage":"fr-FR"},{"@type":"Person","@id":"https:\/\/habilitas.ca\/#\/schema\/person\/9bb497f43095887cc9dfc4fa873e3400","name":"Ryan Hayes"}]}},"_links":{"self":[{"href":"https:\/\/habilitas.ca\/fr\/wp-json\/wp\/v2\/posts\/3833","targetHints":{"allow":["GET"]}}],"collection":[{"href":"https:\/\/habilitas.ca\/fr\/wp-json\/wp\/v2\/posts"}],"about":[{"href":"https:\/\/habilitas.ca\/fr\/wp-json\/wp\/v2\/types\/post"}],"author":[{"embeddable":true,"href":"https:\/\/habilitas.ca\/fr\/wp-json\/wp\/v2\/users\/13"}],"replies":[{"embeddable":true,"href":"https:\/\/habilitas.ca\/fr\/wp-json\/wp\/v2\/comments?post=3833"}],"version-history":[{"count":1,"href":"https:\/\/habilitas.ca\/fr\/wp-json\/wp\/v2\/posts\/3833\/revisions"}],"predecessor-version":[{"id":3836,"href":"https:\/\/habilitas.ca\/fr\/wp-json\/wp\/v2\/posts\/3833\/revisions\/3836"}],"wp:featuredmedia":[{"embeddable":true,"href":"https:\/\/habilitas.ca\/fr\/wp-json\/wp\/v2\/media\/3829"}],"wp:attachment":[{"href":"https:\/\/habilitas.ca\/fr\/wp-json\/wp\/v2\/media?parent=3833"}],"wp:term":[{"taxonomy":"category","embeddable":true,"href":"https:\/\/habilitas.ca\/fr\/wp-json\/wp\/v2\/categories?post=3833"},{"taxonomy":"post_tag","embeddable":true,"href":"https:\/\/habilitas.ca\/fr\/wp-json\/wp\/v2\/tags?post=3833"}],"curies":[{"name":"wp","href":"https:\/\/api.w.org\/{rel}","templated":true}]}}