{"id":1804,"date":"2017-01-10T20:16:26","date_gmt":"2017-01-11T01:16:26","guid":{"rendered":"http:\/\/habilitas.ca\/manon\/"},"modified":"2019-07-09T12:04:06","modified_gmt":"2019-07-09T17:04:06","slug":"manon","status":"publish","type":"post","link":"https:\/\/habilitas.ca\/fr\/manon\/","title":{"rendered":"Manon"},"content":{"rendered":"<p>[et_pb_section bb_built=\u00a0\u00bb1&Prime; next_background_color=\u00a0\u00bbrgba(68,205,207,0.3)\u00a0\u00bb][et_pb_row][et_pb_column type=\u00a0\u00bb4_4&Prime;][et_pb_post_title _builder_version=\u00a0\u00bb3.19.9&Prime; meta=\u00a0\u00bboff\u00a0\u00bb featured_image=\u00a0\u00bboff\u00a0\u00bb text_orientation=\u00a0\u00bbcenter\u00a0\u00bb \/][\/et_pb_column][\/et_pb_row][et_pb_row][et_pb_column type=\u00a0\u00bb4_4&Prime;][et_pb_text _builder_version=\u00a0\u00bb3.19.9&Prime;]<\/p>\n<p>Imaginez une journ\u00e9e typique.<\/p>\n<p>Vous vous levez, vous vous versez une tasse de caf\u00e9, vous lisez les quotidiens, vous envoyez les enfants \u00e0 l\u2019\u00e9cole, vous vous habillez et vous vous rendez au travail.<\/p>\n<p>Maintenant, imaginez accomplir tous ces gestes sans avoir la vue.<\/p>\n<p>Il s\u2019agit de ma r\u00e9alit\u00e9 quotidienne.<\/p>\n<p>Le tout a commenc\u00e9 il y a 20 ans. Tout d\u2019abord, j\u2019\u00e9prouvais de la difficult\u00e9 \u00e0 voir apr\u00e8s un changement d\u2019\u00e9clairage. Bien rapidement, lire le courrier ou des livres est devenu difficile. Au fur et \u00e0 mesure que ma vision p\u00e9riph\u00e9rique a \u00e0 baiss\u00e9, j\u2019ai commenc\u00e9 \u00e0 perdre mon \u00e9quilibre, \u00e0 tr\u00e9bucher et \u00e0 me heurter contre des objets.<\/p>\n<p>Les m\u00e9decins m\u2019ont annonc\u00e9 que ma baisse de vision \u00e9tait le r\u00e9sultat d\u2019une maladie rare appel\u00e9e syndrome de Wolfram qui commence \u00e0 la suite du diab\u00e8te \u00e0 un tr\u00e8s jeune \u00e2ge. Ils m\u2019ont appris que d\u2019ici quelques ann\u00e9es, je serais compl\u00e8tement aveugle. J\u2019\u00e9tais absolument p\u00e9trifi\u00e9e.<\/p>\n<p>Je me sentais compl\u00e8tement perdue et seule, et je me suis tranquillement repli\u00e9e sur moi-m\u00eame. Mes amies ont graduellement commenc\u00e9 \u00e0 dispara\u00eetre \u00e9galement. Elles ne savaient tout simplement pas comment \u00e9changer avec une personne aux prises avec une perte de vision. De plus, je ne parvenais plus \u00e0 participer aux activit\u00e9s que je faisais auparavant avec elles.<\/p>\n<p>J\u2019\u00e9prouvais tant d\u2019\u00e9motions. Je ressentais du d\u00e9ni, de la honte et le sentiment d\u2019\u00eatre prise au pi\u00e8ge. Je me suis isol\u00e9e dans l\u2019appartement du sous-sol et je refusais d\u2019en sortir pendant des semaines. Je me posais des questions comme : comment arriverais-je \u00e0 travailler, \u00e0 tenir une maison, \u00e0 fonder une famille&#8230;? Comment pourrais-je mener une vie normale?<\/p>\n<p>Malheureuse et n\u2019ayant personne vers qui me tourner, j\u2019ai suivi les conseils de mon ophtalmologiste et j\u2019ai communiqu\u00e9 \u00e0 contrec\u0153ur avec le MAB-Mackay. Je ne savais pas \u00e0 quel point ce serait un tournant de ma vie.<\/p>\n<p>[\/et_pb_text][\/et_pb_column][\/et_pb_row][et_pb_row _builder_version=\u00a0\u00bb3.19.9&Prime; make_equal=\u00a0\u00bbon\u00a0\u00bb module_class_1=\u00a0\u00bbds-vertical-align\u00a0\u00bb module_class_2=\u00a0\u00bbds-vertical-align\u00a0\u00bb][et_pb_column type=\u00a0\u00bb1_2&Prime;][et_pb_text _builder_version=\u00a0\u00bb3.19.9&Prime; quote_font=\u00a0\u00bb||on||||||\u00a0\u00bb quote_text_align=\u00a0\u00bbcenter\u00a0\u00bb quote_font_size=\u00a0\u00bb22px\u00a0\u00bb]<\/p>\n<blockquote>\n<p><strong>Depuis que j\u2019\u00e9tais devenue aveugle, je n\u2019avais jamais cru possible de pouvoir lire de nouveau, pr\u00e9parer un repas pour ma famille, utiliser un ordinateur, obtenir un emploi ou me faire des amis. Je dois tant au MAB-Mackay d\u2019avoir rendu toutes ces choses possibles, et bien plus encore.\u00a0<\/strong><\/p>\n<\/blockquote>\n<p>[\/et_pb_text][\/et_pb_column][et_pb_column type=\u00a0\u00bb1_2&Prime;][et_pb_image _builder_version=\u00a0\u00bb3.19.4&Prime; src=\u00a0\u00bbhttp:\/\/habilitas.ca\/wp-content\/uploads\/2019\/01\/Manon-Habilitas.jpg\u00a0\u00bb \/][\/et_pb_column][\/et_pb_row][et_pb_row][et_pb_column type=\u00a0\u00bb4_4&Prime;][et_pb_text _builder_version=\u00a0\u00bb3.19.9&Prime;]<\/p>\n<p>Ils m\u2019ont montr\u00e9 comment fonctionner de nouveau et accomplir toutes les activit\u00e9s de la vie quotidienne que je tenais pour acquises avant de perdre la vue. Dans la cuisine, ils m\u2019ont montr\u00e9 comment couper et hacher de fa\u00e7on s\u00e9curitaire, et m\u00eame \u00e0 identifier le sel, le poivre et les \u00e9lectrom\u00e9nagers avec le Braille. J\u2019ai appris \u00e0 prendre soin de moi de nouveau, \u00e0 organiser mes v\u00eatements, \u00e0 me mettre du maquillage et \u00e0 me coiffer le matin. Ils m\u2019ont appris \u00e0 utiliser un ordinateur dot\u00e9 d\u2019un clavier sp\u00e9cial et d\u2019un logiciel de synth\u00e8se vocale, qui me permet d\u2019\u00eatre connect\u00e9e au monde.<\/p>\n<p>Le MAB-Mackay m\u2019a appris \u00e0 marcher de fa\u00e7on s\u00e9curitaire \u00e0 l\u2019ext\u00e9rieur, gr\u00e2ce \u00e0 des strat\u00e9gies avec une canne blanche et en \u00e9coutant le bruit des voitures sur la rue. Ils m\u2019ont m\u00eame aid\u00e9 \u00e0 trouver une carri\u00e8re et \u00e0 devenir certifi\u00e9e \u00e0 titre de massoth\u00e9rapeute. Je fais maintenant partie de la soci\u00e9t\u00e9 et je suis fi\u00e8re d\u2019avoir mon propre revenu et de contribuer \u00e0 ma famille.<\/p>\n<p>Gr\u00e2ce \u00e0 leur compr\u00e9hension et \u00e0 leur empathie, ils m\u2019ont remis sur la bonne voie. Gr\u00e2ce \u00e0 eux, je ne me sens plus inutile et perdue. Sans le MAB-Mackay, je ne pense pas que j\u2019aurais pu continuer \u00e0 vivre.<\/p>\n<p>Ce qui importe le plus, c\u2019est que le MAB-Mackay m\u2019a aid\u00e9 \u00e0 trouver le courage et la capacit\u00e9 de devenir une m\u00e8re. Ne pas \u00eatre en mesure de voir le visage de mon fils est une dure r\u00e9alit\u00e9 de ma vie, avec laquelle j\u2019ai appris \u00e0 vivre. Cependant, je suis heureuse de pouvoir l\u2019\u00e9lever et prendre soin de lui. Cela va bien au-del\u00e0 des techniques de soin d\u2019un enfant qu\u2019ils m\u2019ont apprises comme changer sa couche ou prendre sa temp\u00e9rature sans voir. J\u2019ai prouv\u00e9 \u00e0 mon fils, et \u00e0 moi-m\u00eame, comment \u00eatre forte, comment aimer et comment pers\u00e9v\u00e9rer. Mon amour pour lui me maintient en vie.<\/p>\n<p>Mon cheminement avec le MAB-Mackay est loin d\u2019\u00eatre termin\u00e9. J\u2019aurai besoin d\u2019eux pour m\u2019aider \u00e0 apprendre les itin\u00e9raires d\u2019autobus, \u00e0 comprendre les mises \u00e0 niveau logicielles sur mon ordinateur, \u00e0 adapter mes nouveaux \u00e9lectrom\u00e9nagers \u00e0 la maison, et m\u00eame \u00e0 me pr\u00e9parer pour un chien-guide. C\u2019est rassurant de savoir qu\u2019ils seront l\u00e0 pour moi, m\u2019enseignant des strat\u00e9gies pour aider mon fils alors qu\u2019il atteint l\u2019adolescence. Avec votre soutien, je sais que je pourrai compter sur eux afin de m\u2019aider \u00e0 l\u2019avenir.<\/p>\n<p>Manon<\/p>\n<p>Une cliente des plus reconnaissantes&#8230;<\/p>\n<p>[\/et_pb_text][et_pb_button admin_label=\u00a0\u00bbAutres histoires\u00a0\u00bb _builder_version=\u00a0\u00bb3.19.9&Prime; button_text=\u00a0\u00bbAutres histoires\u00a0\u00bb button_url=\u00a0\u00bbhttp:\/\/habilitas.ca\/our-stories\/\u00a0\u00bb button_alignment=\u00a0\u00bbleft\u00a0\u00bb \/][\/et_pb_column][\/et_pb_row][\/et_pb_section][et_pb_section bb_built=\u00a0\u00bb1&Prime; _builder_version=\u00a0\u00bb3.19.9&Prime; background_color=\u00a0\u00bbrgba(68,205,207,0.3)\u00a0\u00bb prev_background_color=\u00a0\u00bb#ffffff\u00a0\u00bb custom_margin=\u00a0\u00bb||0px|\u00a0\u00bb custom_padding=\u00a0\u00bb||0px|\u00a0\u00bb global_module=\u00a0\u00bb1795&Prime;][et_pb_row global_parent=\u00a0\u00bb1795&Prime; _builder_version=\u00a0\u00bb3.0.48&Prime; background_size=\u00a0\u00bbinitial\u00a0\u00bb background_position=\u00a0\u00bbtop_left\u00a0\u00bb background_repeat=\u00a0\u00bbrepeat\u00a0\u00bb][et_pb_column type=\u00a0\u00bb1_4&Prime;][et_pb_signup global_parent=\u00a0\u00bb1795&Prime; activecampaign_list=\u00a0\u00bb|none\u00a0\u00bb aweber_list=\u00a0\u00bb|none\u00a0\u00bb campaign_monitor_list=\u00a0\u00bb|none\u00a0\u00bb constant_contact_list=\u00a0\u00bbHABILITAS Website|1116831926&Prime; convertkit_list=\u00a0\u00bb|none\u00a0\u00bb emma_list=\u00a0\u00bb|none\u00a0\u00bb feedblitz_list=\u00a0\u00bb|none\u00a0\u00bb getresponse_list=\u00a0\u00bb|none\u00a0\u00bb hubspot_list=\u00a0\u00bb|none\u00a0\u00bb icontact_list=\u00a0\u00bb|none\u00a0\u00bb infusionsoft_list=\u00a0\u00bb|none\u00a0\u00bb madmimi_list=\u00a0\u00bb|none\u00a0\u00bb mailchimp_list=\u00a0\u00bb|none\u00a0\u00bb mailerlite_list=\u00a0\u00bb|none\u00a0\u00bb mailpoet_list=\u00a0\u00bb|none\u00a0\u00bb mailster_list=\u00a0\u00bb|none\u00a0\u00bb ontraport_list=\u00a0\u00bb|none\u00a0\u00bb salesforce_list=\u00a0\u00bb|none\u00a0\u00bb sendinblue_list=\u00a0\u00bb|none\u00a0\u00bb first_name_field=\u00a0\u00bboff\u00a0\u00bb last_name_field=\u00a0\u00bboff\u00a0\u00bb title=\u00a0\u00bbInscrivez-vous \u00e0 notre infolettre\u00a0\u00bb _builder_version=\u00a0\u00bb3.19.9&Prime; header_font=\u00a0\u00bb|600|||||||\u00a0\u00bb header_text_color=\u00a0\u00bb#313175&Prime; header_font_size=\u00a0\u00bb18&Prime; use_background_color=\u00a0\u00bboff\u00a0\u00bb border_radii_fields=\u00a0\u00bbon|50px|50px|50px|50px\u00a0\u00bb background_layout=\u00a0\u00bblight\u00a0\u00bb provider=\u00a0\u00bbconstant_contact\u00a0\u00bb button_text=\u00a0\u00bbS\u2019abonner\u00a0\u00bb \/][\/et_pb_column][et_pb_column type=\u00a0\u00bb1_4&Prime;][et_pb_text global_parent=\u00a0\u00bb1795&Prime; _builder_version=\u00a0\u00bb3.19.9&Prime; text_font_size=\u00a0\u00bb14px\u00a0\u00bb header_4_font=\u00a0\u00bb|600|||||||\u00a0\u00bb]<\/p>\n<p>&nbsp;<\/p>\n<h4>Foundation<\/h4>\n<p><a href=\"http:\/\/habilitas.ca\/our-stories\/\">Our Stories<\/a><br \/><a href=\"http:\/\/habilitas.ca\/events\/\">Events<\/a><br \/><a href=\"http:\/\/habilitas.ca\/who-we-support\/\">Who We Support<\/a><br \/><a href=\"http:\/\/habilitas.ca\/team\/\">Team<\/a><br \/><a href=\"http:\/\/habilitas.ca\/contact-us\/\">Contact<\/a><\/p>\n<p>&nbsp;<\/p>\n<p>[\/et_pb_text][\/et_pb_column][et_pb_column type=\u00a0\u00bb1_4&Prime;][et_pb_text global_parent=\u00a0\u00bb1795&Prime; _builder_version=\u00a0\u00bb3.19.9&Prime; text_font_size=\u00a0\u00bb14px\u00a0\u00bb header_4_font=\u00a0\u00bb|600|||||||\u00a0\u00bb]<\/p>\n<h4>Donate<\/h4>\n<p><a href=\"http:\/\/habilitas.ca\/donate-online\/\">Donate Online<\/a><br \/><a href=\"http:\/\/habilitas.ca\/ways-to-donate\/\">Ways to Donate<\/a><br \/><a href=\"http:\/\/habilitas.ca\/get-involved\/\">Get Involved<\/a><\/p>\n<p>[\/et_pb_text][\/et_pb_column][et_pb_column type=\u00a0\u00bb1_4&Prime;][et_pb_image global_parent=\u00a0\u00bb1795&Prime; _builder_version=\u00a0\u00bb3.19.4&Prime; src=\u00a0\u00bbhttp:\/\/habilitas.ca\/wp-content\/uploads\/2019\/01\/Habilitas-Logo-Icon-H-Bil-Dark-RGB.png\u00a0\u00bb \/][et_pb_social_media_follow global_parent=\u00a0\u00bb1795&Prime; _builder_version=\u00a0\u00bb3.19.9&Prime; text_orientation=\u00a0\u00bbleft\u00a0\u00bb border_radii=\u00a0\u00bbon|50px|50px|50px|50px\u00a0\u00bb][et_pb_social_media_follow_network _builder_version=\u00a0\u00bb3.19.9&Prime; social_network=\u00a0\u00bbfacebook\u00a0\u00bb skype_action=\u00a0\u00bbcall\u00a0\u00bb url=\u00a0\u00bb#\u00a0\u00bb background_color=\u00a0\u00bb#313175&Prime; use_background_color_gradient=\u00a0\u00bboff\u00a0\u00bb background_color_gradient_start=\u00a0\u00bb#2b87da\u00a0\u00bb background_color_gradient_end=\u00a0\u00bb#29c4a9&Prime; background_color_gradient_type=\u00a0\u00bblinear\u00a0\u00bb background_color_gradient_direction=\u00a0\u00bb180deg\u00a0\u00bb background_color_gradient_direction_radial=\u00a0\u00bbcenter\u00a0\u00bb background_color_gradient_start_position=\u00a0\u00bb0%\u00a0\u00bb background_color_gradient_end_position=\u00a0\u00bb100%\u00a0\u00bb background_color_gradient_overlays_image=\u00a0\u00bboff\u00a0\u00bb parallax=\u00a0\u00bboff\u00a0\u00bb parallax_method=\u00a0\u00bbon\u00a0\u00bb background_size=\u00a0\u00bbcover\u00a0\u00bb background_position=\u00a0\u00bbcenter\u00a0\u00bb background_repeat=\u00a0\u00bbno-repeat\u00a0\u00bb background_blend=\u00a0\u00bbnormal\u00a0\u00bb allow_player_pause=\u00a0\u00bboff\u00a0\u00bb background_video_pause_outside_viewport=\u00a0\u00bbon\u00a0\u00bb box_shadow_style=\u00a0\u00bbnone\u00a0\u00bb hover_transition_duration=\u00a0\u00bb300ms\u00a0\u00bb hover_transition_delay=\u00a0\u00bb0ms\u00a0\u00bb hover_transition_speed_curve=\u00a0\u00bbease\u00a0\u00bb border_radii=\u00a0\u00bbon|3px|3px|3px|3px\u00a0\u00bb]<\/p>\n<p>Facebook<\/p>\n<p>[\/et_pb_social_media_follow_network][et_pb_social_media_follow_network _builder_version=\u00a0\u00bb3.19.9&Prime; social_network=\u00a0\u00bblinkedin\u00a0\u00bb skype_action=\u00a0\u00bbcall\u00a0\u00bb url=\u00a0\u00bb#\u00a0\u00bb background_color=\u00a0\u00bb#00ab89&Prime; use_background_color_gradient=\u00a0\u00bboff\u00a0\u00bb background_color_gradient_start=\u00a0\u00bb#2b87da\u00a0\u00bb background_color_gradient_end=\u00a0\u00bb#29c4a9&Prime; background_color_gradient_type=\u00a0\u00bblinear\u00a0\u00bb background_color_gradient_direction=\u00a0\u00bb180deg\u00a0\u00bb background_color_gradient_direction_radial=\u00a0\u00bbcenter\u00a0\u00bb background_color_gradient_start_position=\u00a0\u00bb0%\u00a0\u00bb background_color_gradient_end_position=\u00a0\u00bb100%\u00a0\u00bb background_color_gradient_overlays_image=\u00a0\u00bboff\u00a0\u00bb parallax=\u00a0\u00bboff\u00a0\u00bb parallax_method=\u00a0\u00bbon\u00a0\u00bb background_size=\u00a0\u00bbcover\u00a0\u00bb background_position=\u00a0\u00bbcenter\u00a0\u00bb background_repeat=\u00a0\u00bbno-repeat\u00a0\u00bb background_blend=\u00a0\u00bbnormal\u00a0\u00bb allow_player_pause=\u00a0\u00bboff\u00a0\u00bb background_video_pause_outside_viewport=\u00a0\u00bbon\u00a0\u00bb box_shadow_style=\u00a0\u00bbnone\u00a0\u00bb hover_transition_duration=\u00a0\u00bb300ms\u00a0\u00bb hover_transition_delay=\u00a0\u00bb0ms\u00a0\u00bb hover_transition_speed_curve=\u00a0\u00bbease\u00a0\u00bb border_radii=\u00a0\u00bbon|3px|3px|3px|3px\u00a0\u00bb]<\/p>\n<p>LinkedIn<\/p>\n<p>[\/et_pb_social_media_follow_network][et_pb_social_media_follow_network _builder_version=\u00a0\u00bb3.19.9&Prime; social_network=\u00a0\u00bbinstagram\u00a0\u00bb skype_action=\u00a0\u00bbcall\u00a0\u00bb url=\u00a0\u00bb#\u00a0\u00bb use_background_color_gradient=\u00a0\u00bboff\u00a0\u00bb background_color_gradient_start=\u00a0\u00bb#2b87da\u00a0\u00bb background_color_gradient_end=\u00a0\u00bb#29c4a9&Prime; background_color_gradient_type=\u00a0\u00bblinear\u00a0\u00bb background_color_gradient_direction=\u00a0\u00bb180deg\u00a0\u00bb background_color_gradient_direction_radial=\u00a0\u00bbcenter\u00a0\u00bb background_color_gradient_start_position=\u00a0\u00bb0%\u00a0\u00bb background_color_gradient_end_position=\u00a0\u00bb100%\u00a0\u00bb background_color_gradient_overlays_image=\u00a0\u00bboff\u00a0\u00bb parallax=\u00a0\u00bboff\u00a0\u00bb parallax_method=\u00a0\u00bbon\u00a0\u00bb background_size=\u00a0\u00bbcover\u00a0\u00bb background_position=\u00a0\u00bbcenter\u00a0\u00bb background_repeat=\u00a0\u00bbno-repeat\u00a0\u00bb background_blend=\u00a0\u00bbnormal\u00a0\u00bb allow_player_pause=\u00a0\u00bboff\u00a0\u00bb background_video_pause_outside_viewport=\u00a0\u00bbon\u00a0\u00bb box_shadow_style=\u00a0\u00bbnone\u00a0\u00bb hover_transition_duration=\u00a0\u00bb300ms\u00a0\u00bb hover_transition_delay=\u00a0\u00bb0ms\u00a0\u00bb hover_transition_speed_curve=\u00a0\u00bbease\u00a0\u00bb background_color=\u00a0\u00bb#e7507b\u00a0\u00bb border_radii=\u00a0\u00bbon|3px|3px|3px|3px\u00a0\u00bb]<\/p>\n<p>Instagram<\/p>\n<p>[\/et_pb_social_media_follow_network][\/et_pb_social_media_follow][\/et_pb_column][\/et_pb_row][et_pb_row global_parent=\u00a0\u00bb1795&Prime; _builder_version=\u00a0\u00bb3.19.9&Prime; custom_margin=\u00a0\u00bb||0px|\u00a0\u00bb custom_padding=\u00a0\u00bb||0px|\u00a0\u00bb][et_pb_column type=\u00a0\u00bb1_3&Prime;][\/et_pb_column][et_pb_column type=\u00a0\u00bb1_3&Prime;][et_pb_text global_parent=\u00a0\u00bb1795&Prime; _builder_version=\u00a0\u00bb3.19.9&Prime; link_font_size=\u00a0\u00bb12px\u00a0\u00bb custom_padding=\u00a0\u00bb0px||0px|\u00a0\u00bb link_text_align=\u00a0\u00bbcenter\u00a0\u00bb custom_margin=\u00a0\u00bb||0px|\u00a0\u00bb text_orientation=\u00a0\u00bbcenter\u00a0\u00bb]<\/p>\n<p><span style=\"color: #ffffff;\"><a style=\"color: #ffffff;\" href=\"https:\/\/sparrowstrategy.com\/\" target=\"_blank\" rel=\"noopener noreferrer\">Web Design Sparrow Digital<\/a><\/span><\/p>\n<p>\u00a0<\/p>\n<p>[\/et_pb_text][\/et_pb_column][et_pb_column type=\u00a0\u00bb1_3&Prime;][\/et_pb_column][\/et_pb_row][\/et_pb_section]<\/p>\n","protected":false},"excerpt":{"rendered":"<p><div class=\"et_pb_row et_pb_row_0 et_pb_row_empty\">\n\t\t\t\t\n\t\t\t\t\n\t\t\t\t\n\t\t\t\t\n\t\t\t\t\n\t\t\t<\/div><div class=\"et_pb_row et_pb_row_1 et_pb_row_empty\">\n\t\t\t\t\n\t\t\t\t\n\t\t\t\t\n\t\t\t\t\n\t\t\t\t\n\t\t\t<\/div> Imaginez une journ\u00e9e typique. Vous vous levez, vous vous versez une tasse de caf\u00e9, vous lisez les quotidiens, vous envoyez les enfants \u00e0 l\u2019\u00e9cole, vous vous habillez et vous vous rendez au travail. Maintenant, imaginez accomplir tous ces gestes sans avoir la vue. Il s\u2019agit de ma r\u00e9alit\u00e9 quotidienne. Le tout a commenc\u00e9 il [&hellip;]<\/p>\n","protected":false},"author":13,"featured_media":1705,"comment_status":"closed","ping_status":"open","sticky":false,"template":"","format":"standard","meta":{"_et_pb_use_builder":"on","_et_pb_old_content":"","_et_gb_content_width":"","_monsterinsights_skip_tracking":false,"_monsterinsights_sitenote_active":false,"_monsterinsights_sitenote_note":"","_monsterinsights_sitenote_category":0,"footnotes":""},"categories":[26],"tags":[],"class_list":["post-1804","post","type-post","status-publish","format-standard","has-post-thumbnail","hentry","category-histoires-de-clientes"],"yoast_head":"<!-- This site is optimized with the Yoast SEO plugin v27.1.1 - https:\/\/yoast.com\/product\/yoast-seo-wordpress\/ -->\n<title>Manon - Fondation Habilitas Foundation<\/title>\n<meta name=\"robots\" content=\"index, follow, max-snippet:-1, max-image-preview:large, max-video-preview:-1\" \/>\n<link rel=\"canonical\" href=\"https:\/\/habilitas.ca\/fr\/manon\/\" \/>\n<meta property=\"og:locale\" content=\"fr_FR\" \/>\n<meta property=\"og:type\" content=\"article\" \/>\n<meta property=\"og:title\" content=\"Manon - Fondation Habilitas Foundation\" \/>\n<meta property=\"og:description\" content=\"Imaginez une journ\u00e9e typique. Vous vous levez, vous vous versez une tasse de caf\u00e9, vous lisez les quotidiens, vous envoyez les enfants \u00e0 l\u2019\u00e9cole, vous vous habillez et vous vous rendez au travail. Maintenant, imaginez accomplir tous ces gestes sans avoir la vue. Il s\u2019agit de ma r\u00e9alit\u00e9 quotidienne. Le tout a commenc\u00e9 il [&hellip;]\" \/>\n<meta property=\"og:url\" content=\"https:\/\/habilitas.ca\/fr\/manon\/\" \/>\n<meta property=\"og:site_name\" content=\"Fondation Habilitas Foundation\" \/>\n<meta property=\"article:publisher\" content=\"https:\/\/www.facebook.com\/HABILITAS.fondation\/\" \/>\n<meta property=\"article:published_time\" content=\"2017-01-11T01:16:26+00:00\" \/>\n<meta property=\"article:modified_time\" content=\"2019-07-09T17:04:06+00:00\" \/>\n<meta property=\"og:image\" content=\"https:\/\/habilitas.ca\/wp-content\/uploads\/2019\/01\/Manon.jpg\" \/>\n\t<meta property=\"og:image:width\" content=\"800\" \/>\n\t<meta property=\"og:image:height\" content=\"500\" \/>\n\t<meta property=\"og:image:type\" content=\"image\/jpeg\" \/>\n<meta name=\"author\" content=\"Ryan Hayes\" \/>\n<meta name=\"twitter:card\" content=\"summary_large_image\" \/>\n<meta name=\"twitter:label1\" content=\"\u00c9crit par\" \/>\n\t<meta name=\"twitter:data1\" content=\"Ryan Hayes\" \/>\n\t<meta name=\"twitter:label2\" content=\"Dur\u00e9e de lecture estim\u00e9e\" \/>\n\t<meta name=\"twitter:data2\" content=\"8 minutes\" \/>\n<script type=\"application\/ld+json\" class=\"yoast-schema-graph\">{\"@context\":\"https:\/\/schema.org\",\"@graph\":[{\"@type\":\"Article\",\"@id\":\"https:\/\/habilitas.ca\/fr\/manon\/#article\",\"isPartOf\":{\"@id\":\"https:\/\/habilitas.ca\/fr\/manon\/\"},\"author\":{\"name\":\"Ryan Hayes\",\"@id\":\"https:\/\/habilitas.ca\/#\/schema\/person\/9bb497f43095887cc9dfc4fa873e3400\"},\"headline\":\"Manon\",\"datePublished\":\"2017-01-11T01:16:26+00:00\",\"dateModified\":\"2019-07-09T17:04:06+00:00\",\"mainEntityOfPage\":{\"@id\":\"https:\/\/habilitas.ca\/fr\/manon\/\"},\"wordCount\":1702,\"image\":{\"@id\":\"https:\/\/habilitas.ca\/fr\/manon\/#primaryimage\"},\"thumbnailUrl\":\"https:\/\/habilitas.ca\/wp-content\/uploads\/2019\/01\/Manon.jpg\",\"articleSection\":[\"Histoires de client\u00b7e\u00b7s\"],\"inLanguage\":\"fr-FR\"},{\"@type\":\"WebPage\",\"@id\":\"https:\/\/habilitas.ca\/fr\/manon\/\",\"url\":\"https:\/\/habilitas.ca\/fr\/manon\/\",\"name\":\"Manon - Fondation Habilitas Foundation\",\"isPartOf\":{\"@id\":\"https:\/\/habilitas.ca\/#website\"},\"primaryImageOfPage\":{\"@id\":\"https:\/\/habilitas.ca\/fr\/manon\/#primaryimage\"},\"image\":{\"@id\":\"https:\/\/habilitas.ca\/fr\/manon\/#primaryimage\"},\"thumbnailUrl\":\"https:\/\/habilitas.ca\/wp-content\/uploads\/2019\/01\/Manon.jpg\",\"datePublished\":\"2017-01-11T01:16:26+00:00\",\"dateModified\":\"2019-07-09T17:04:06+00:00\",\"author\":{\"@id\":\"https:\/\/habilitas.ca\/#\/schema\/person\/9bb497f43095887cc9dfc4fa873e3400\"},\"breadcrumb\":{\"@id\":\"https:\/\/habilitas.ca\/fr\/manon\/#breadcrumb\"},\"inLanguage\":\"fr-FR\",\"potentialAction\":[{\"@type\":\"ReadAction\",\"target\":[\"https:\/\/habilitas.ca\/fr\/manon\/\"]}]},{\"@type\":\"ImageObject\",\"inLanguage\":\"fr-FR\",\"@id\":\"https:\/\/habilitas.ca\/fr\/manon\/#primaryimage\",\"url\":\"https:\/\/habilitas.ca\/wp-content\/uploads\/2019\/01\/Manon.jpg\",\"contentUrl\":\"https:\/\/habilitas.ca\/wp-content\/uploads\/2019\/01\/Manon.jpg\",\"width\":800,\"height\":500},{\"@type\":\"BreadcrumbList\",\"@id\":\"https:\/\/habilitas.ca\/fr\/manon\/#breadcrumb\",\"itemListElement\":[{\"@type\":\"ListItem\",\"position\":1,\"name\":\"Home\",\"item\":\"https:\/\/habilitas.ca\/fr\/\"},{\"@type\":\"ListItem\",\"position\":2,\"name\":\"Manon\"}]},{\"@type\":\"WebSite\",\"@id\":\"https:\/\/habilitas.ca\/#website\",\"url\":\"https:\/\/habilitas.ca\/\",\"name\":\"Habilitas\",\"description\":\"\",\"potentialAction\":[{\"@type\":\"SearchAction\",\"target\":{\"@type\":\"EntryPoint\",\"urlTemplate\":\"https:\/\/habilitas.ca\/?s={search_term_string}\"},\"query-input\":{\"@type\":\"PropertyValueSpecification\",\"valueRequired\":true,\"valueName\":\"search_term_string\"}}],\"inLanguage\":\"fr-FR\"},{\"@type\":\"Person\",\"@id\":\"https:\/\/habilitas.ca\/#\/schema\/person\/9bb497f43095887cc9dfc4fa873e3400\",\"name\":\"Ryan Hayes\"}]}<\/script>\n<!-- \/ Yoast SEO plugin. -->","yoast_head_json":{"title":"Manon - Fondation Habilitas Foundation","robots":{"index":"index","follow":"follow","max-snippet":"max-snippet:-1","max-image-preview":"max-image-preview:large","max-video-preview":"max-video-preview:-1"},"canonical":"https:\/\/habilitas.ca\/fr\/manon\/","og_locale":"fr_FR","og_type":"article","og_title":"Manon - Fondation Habilitas Foundation","og_description":"Imaginez une journ\u00e9e typique. Vous vous levez, vous vous versez une tasse de caf\u00e9, vous lisez les quotidiens, vous envoyez les enfants \u00e0 l\u2019\u00e9cole, vous vous habillez et vous vous rendez au travail. Maintenant, imaginez accomplir tous ces gestes sans avoir la vue. Il s\u2019agit de ma r\u00e9alit\u00e9 quotidienne. Le tout a commenc\u00e9 il [&hellip;]","og_url":"https:\/\/habilitas.ca\/fr\/manon\/","og_site_name":"Fondation Habilitas Foundation","article_publisher":"https:\/\/www.facebook.com\/HABILITAS.fondation\/","article_published_time":"2017-01-11T01:16:26+00:00","article_modified_time":"2019-07-09T17:04:06+00:00","og_image":[{"width":800,"height":500,"url":"https:\/\/habilitas.ca\/wp-content\/uploads\/2019\/01\/Manon.jpg","type":"image\/jpeg"}],"author":"Ryan Hayes","twitter_card":"summary_large_image","twitter_misc":{"\u00c9crit par":"Ryan Hayes","Dur\u00e9e de lecture estim\u00e9e":"8 minutes"},"schema":{"@context":"https:\/\/schema.org","@graph":[{"@type":"Article","@id":"https:\/\/habilitas.ca\/fr\/manon\/#article","isPartOf":{"@id":"https:\/\/habilitas.ca\/fr\/manon\/"},"author":{"name":"Ryan Hayes","@id":"https:\/\/habilitas.ca\/#\/schema\/person\/9bb497f43095887cc9dfc4fa873e3400"},"headline":"Manon","datePublished":"2017-01-11T01:16:26+00:00","dateModified":"2019-07-09T17:04:06+00:00","mainEntityOfPage":{"@id":"https:\/\/habilitas.ca\/fr\/manon\/"},"wordCount":1702,"image":{"@id":"https:\/\/habilitas.ca\/fr\/manon\/#primaryimage"},"thumbnailUrl":"https:\/\/habilitas.ca\/wp-content\/uploads\/2019\/01\/Manon.jpg","articleSection":["Histoires de client\u00b7e\u00b7s"],"inLanguage":"fr-FR"},{"@type":"WebPage","@id":"https:\/\/habilitas.ca\/fr\/manon\/","url":"https:\/\/habilitas.ca\/fr\/manon\/","name":"Manon - Fondation Habilitas Foundation","isPartOf":{"@id":"https:\/\/habilitas.ca\/#website"},"primaryImageOfPage":{"@id":"https:\/\/habilitas.ca\/fr\/manon\/#primaryimage"},"image":{"@id":"https:\/\/habilitas.ca\/fr\/manon\/#primaryimage"},"thumbnailUrl":"https:\/\/habilitas.ca\/wp-content\/uploads\/2019\/01\/Manon.jpg","datePublished":"2017-01-11T01:16:26+00:00","dateModified":"2019-07-09T17:04:06+00:00","author":{"@id":"https:\/\/habilitas.ca\/#\/schema\/person\/9bb497f43095887cc9dfc4fa873e3400"},"breadcrumb":{"@id":"https:\/\/habilitas.ca\/fr\/manon\/#breadcrumb"},"inLanguage":"fr-FR","potentialAction":[{"@type":"ReadAction","target":["https:\/\/habilitas.ca\/fr\/manon\/"]}]},{"@type":"ImageObject","inLanguage":"fr-FR","@id":"https:\/\/habilitas.ca\/fr\/manon\/#primaryimage","url":"https:\/\/habilitas.ca\/wp-content\/uploads\/2019\/01\/Manon.jpg","contentUrl":"https:\/\/habilitas.ca\/wp-content\/uploads\/2019\/01\/Manon.jpg","width":800,"height":500},{"@type":"BreadcrumbList","@id":"https:\/\/habilitas.ca\/fr\/manon\/#breadcrumb","itemListElement":[{"@type":"ListItem","position":1,"name":"Home","item":"https:\/\/habilitas.ca\/fr\/"},{"@type":"ListItem","position":2,"name":"Manon"}]},{"@type":"WebSite","@id":"https:\/\/habilitas.ca\/#website","url":"https:\/\/habilitas.ca\/","name":"Habilitas","description":"","potentialAction":[{"@type":"SearchAction","target":{"@type":"EntryPoint","urlTemplate":"https:\/\/habilitas.ca\/?s={search_term_string}"},"query-input":{"@type":"PropertyValueSpecification","valueRequired":true,"valueName":"search_term_string"}}],"inLanguage":"fr-FR"},{"@type":"Person","@id":"https:\/\/habilitas.ca\/#\/schema\/person\/9bb497f43095887cc9dfc4fa873e3400","name":"Ryan Hayes"}]}},"_links":{"self":[{"href":"https:\/\/habilitas.ca\/fr\/wp-json\/wp\/v2\/posts\/1804","targetHints":{"allow":["GET"]}}],"collection":[{"href":"https:\/\/habilitas.ca\/fr\/wp-json\/wp\/v2\/posts"}],"about":[{"href":"https:\/\/habilitas.ca\/fr\/wp-json\/wp\/v2\/types\/post"}],"author":[{"embeddable":true,"href":"https:\/\/habilitas.ca\/fr\/wp-json\/wp\/v2\/users\/13"}],"replies":[{"embeddable":true,"href":"https:\/\/habilitas.ca\/fr\/wp-json\/wp\/v2\/comments?post=1804"}],"version-history":[{"count":4,"href":"https:\/\/habilitas.ca\/fr\/wp-json\/wp\/v2\/posts\/1804\/revisions"}],"predecessor-version":[{"id":3769,"href":"https:\/\/habilitas.ca\/fr\/wp-json\/wp\/v2\/posts\/1804\/revisions\/3769"}],"wp:featuredmedia":[{"embeddable":true,"href":"https:\/\/habilitas.ca\/fr\/wp-json\/wp\/v2\/media\/1705"}],"wp:attachment":[{"href":"https:\/\/habilitas.ca\/fr\/wp-json\/wp\/v2\/media?parent=1804"}],"wp:term":[{"taxonomy":"category","embeddable":true,"href":"https:\/\/habilitas.ca\/fr\/wp-json\/wp\/v2\/categories?post=1804"},{"taxonomy":"post_tag","embeddable":true,"href":"https:\/\/habilitas.ca\/fr\/wp-json\/wp\/v2\/tags?post=1804"}],"curies":[{"name":"wp","href":"https:\/\/api.w.org\/{rel}","templated":true}]}}