{"id":1791,"date":"2019-01-15T21:15:24","date_gmt":"2019-01-15T21:15:24","guid":{"rendered":"http:\/\/habilitas.ca\/avi\/"},"modified":"2021-05-22T07:20:24","modified_gmt":"2021-05-22T12:20:24","slug":"avi","status":"publish","type":"post","link":"https:\/\/habilitas.ca\/fr\/avi\/","title":{"rendered":"Avi"},"content":{"rendered":"<p>[et_pb_section fb_built=\u00a0\u00bb1&Prime; _builder_version=\u00a0\u00bb3.22&Prime;][et_pb_row _builder_version=\u00a0\u00bb3.25&Prime; background_size=\u00a0\u00bbinitial\u00a0\u00bb background_position=\u00a0\u00bbtop_left\u00a0\u00bb background_repeat=\u00a0\u00bbrepeat\u00a0\u00bb][et_pb_column type=\u00a0\u00bb4_4&Prime; _builder_version=\u00a0\u00bb3.25&Prime; custom_padding=\u00a0\u00bb|||\u00a0\u00bb custom_padding__hover=\u00a0\u00bb|||\u00a0\u00bb][et_pb_post_title meta=\u00a0\u00bboff\u00a0\u00bb featured_image=\u00a0\u00bboff\u00a0\u00bb _builder_version=\u00a0\u00bb3.19.9&Prime; text_orientation=\u00a0\u00bbcenter\u00a0\u00bb][\/et_pb_post_title][\/et_pb_column][\/et_pb_row][et_pb_row _builder_version=\u00a0\u00bb3.25&Prime; background_size=\u00a0\u00bbinitial\u00a0\u00bb background_position=\u00a0\u00bbtop_left\u00a0\u00bb background_repeat=\u00a0\u00bbrepeat\u00a0\u00bb][et_pb_column type=\u00a0\u00bb4_4&Prime; _builder_version=\u00a0\u00bb3.25&Prime; custom_padding=\u00a0\u00bb|||\u00a0\u00bb custom_padding__hover=\u00a0\u00bb|||\u00a0\u00bb][et_pb_text _builder_version=\u00a0\u00bb3.27.4&Prime;]<\/p>\n<p>Par une belle journ\u00e9e printani\u00e8re, le soleil faisait fondre les derniers gla\u00e7ons. Les Montr\u00e9alais se d\u00e9lectaient dans la chaleur des rayons du soleil, alors que nous marchions avec appr\u00e9hension au rendez-vous de notre fils avec son p\u00e9diatre. Il s\u2019agissait d\u2019une journ\u00e9e que nous n\u2019oublierons jamais, car notre monde a \u00e9t\u00e9 compl\u00e8tement boulevers\u00e9.<\/p>\n<p>En mai 2014, nos magnifiques gar\u00e7ons jumeaux, Avi et Eli, sont venus au monde dans la h\u00e2te, dix semaines avant terme. Ils ont imm\u00e9diatement eu besoin de soutien pour respirer et ont pass\u00e9 par la suite au-del\u00e0 de six semaines dans l\u2019unit\u00e9 des soins intensifs n\u00e9onatals. Il a fallu attendre deux semaines avant que nous puissions tenir nos b\u00e9b\u00e9s dans nos bras une premi\u00e8re fois; le temps s\u2019est arr\u00eat\u00e9 alors que nous attendions anxieusement ce moment.<\/p>\n<p>S\u2019occuper d\u2019un nouveau-n\u00e9 est difficile dans les meilleures conditions; nous avons rapidement compris que s\u2019occuper de deux b\u00e9b\u00e9s pr\u00e9matur\u00e9s serait extraordinairement difficile. Avi n\u2019a pas fait ses nuits compl\u00e8tes avant d\u2019avoir atteint l\u2019\u00e2ge de huit mois. Et apr\u00e8s six mois, nous avons commenc\u00e9 \u00e0 remarquer qu\u2019Eli franchissait des jalons, comme de s\u2019asseoir sans aide, ce qu\u2019Avi ne faisait pas. C\u2019est alors qu\u2019est arriv\u00e9e cette journ\u00e9e ensoleill\u00e9e du printemps o\u00f9 notre p\u00e9diatre a prononc\u00e9 deux mots qui nous ont coup\u00e9 le souffle : paralysie c\u00e9r\u00e9brale.<\/p>\n<p>Comment cela pouvait-il \u00eatre vrai? Assur\u00e9ment, Avi devait simplement accuser des retards de d\u00e9veloppement? Nous nous sommes dit qu\u2019il s\u2019agissait peut-\u00eatre de quelque chose de passager, que les choses reviendraient \u00e0 la normale avec le temps! Toutefois, apr\u00e8s trois longues semaines sans sommeil, o\u00f9 nous nous sommes relay\u00e9s afin de pleurer inconsolablement et de nous r\u00e9conforter l\u2019un l\u2019autre, un neurologue a confirm\u00e9 le diagnostic. Nous avons ainsi perdu notre innocence.<\/p>\n<p>Ultimement, Avi a re\u00e7u un diagnostic de dipl\u00e9gie c\u00e9r\u00e9brale spastique, une d\u00e9ficience motrice qui affecte les jambes plus que les bras. Il s\u2019agit d\u2019un \u00e9tat chronique perp\u00e9tuel caus\u00e9 par une h\u00e9morragie c\u00e9r\u00e9brale qui se produit habituellement in utero ou \u00e0 la naissance et pour lequel il n\u2019y a aucun gu\u00e9rison. Nous nous consid\u00e9rions comme chanceux qu\u2019Avi ait re\u00e7u son diagnostic \u00e0 11 mois. De nombreux enfants au Qu\u00e9bec ne re\u00e7oivent le diagnostic qu\u2019apr\u00e8s 18 mois, et c&rsquo;est uniquement avec un diagnostic qu\u2019un enfant peut \u00eatre orient\u00e9 vers un centre de r\u00e9adaptation pour une intervention pr\u00e9coce. Nous avons \u00e9t\u00e9 chanceux : nous avons \u00e9t\u00e9 admis au MAB-Mackay avant qu\u2019Avi ait 16 mois.<\/p>\n<p>[\/et_pb_text][\/et_pb_column][\/et_pb_row][et_pb_row make_equal=\u00a0\u00bbon\u00a0\u00bb _builder_version=\u00a0\u00bb3.25&Prime; column_structure=\u00a0\u00bb1_2,1_2&Prime;][et_pb_column type=\u00a0\u00bb1_2&Prime; module_class=\u00a0\u00bbds-vertical-align\u00a0\u00bb _builder_version=\u00a0\u00bb3.25&Prime; custom_padding=\u00a0\u00bb|||\u00a0\u00bb custom_padding__hover=\u00a0\u00bb|||\u00a0\u00bb][et_pb_text _builder_version=\u00a0\u00bb3.27.4&Prime; quote_font=\u00a0\u00bb||on||||||\u00a0\u00bb quote_text_align=\u00a0\u00bbcenter\u00a0\u00bb quote_font_size=\u00a0\u00bb22px\u00a0\u00bb]<\/p>\n<blockquote>\n<p><strong>Cela prend un village pour \u00e9lever un enfant et nous sommes reconnaissants envers l\u2019\u00e9quipe du MAB-Mackay de faire partie int\u00e9grante de ce village pour notre petit gar\u00e7on. <\/strong><\/p>\n<\/blockquote>\n<p>[\/et_pb_text][\/et_pb_column][et_pb_column type=\u00a0\u00bb1_2&Prime; module_class=\u00a0\u00bbds-vertical-align\u00a0\u00bb _builder_version=\u00a0\u00bb3.25&Prime; custom_padding=\u00a0\u00bb|||\u00a0\u00bb custom_padding__hover=\u00a0\u00bb|||\u00a0\u00bb][et_pb_image src=\u00a0\u00bbhttp:\/\/habilitas.ca\/wp-content\/uploads\/2019\/01\/donate_4.jpg\u00a0\u00bb align_tablet=\u00a0\u00bbcenter\u00a0\u00bb align_last_edited=\u00a0\u00bbon|desktop\u00a0\u00bb _builder_version=\u00a0\u00bb3.23&Prime;][\/et_pb_image][\/et_pb_column][\/et_pb_row][et_pb_row _builder_version=\u00a0\u00bb3.25&Prime; background_size=\u00a0\u00bbinitial\u00a0\u00bb background_position=\u00a0\u00bbtop_left\u00a0\u00bb background_repeat=\u00a0\u00bbrepeat\u00a0\u00bb][et_pb_column type=\u00a0\u00bb4_4&Prime; _builder_version=\u00a0\u00bb3.25&Prime; custom_padding=\u00a0\u00bb|||\u00a0\u00bb custom_padding__hover=\u00a0\u00bb|||\u00a0\u00bb][et_pb_text _builder_version=\u00a0\u00bb3.27.4&Prime;]<\/p>\n<p>Il a imm\u00e9diatement \u00e9t\u00e9 inscrit \u00e0 leur programme d\u2019intervention pr\u00e9coce, qui comportait un programme hebdomadaire de physioth\u00e9rapie, d\u2019ergoth\u00e9rapie et d\u2019orthophonie. Au d\u00e9but, Avi ne pouvait se rouler que de l\u2019avant vers l\u2019arri\u00e8re. Il n\u2019\u00e9tait pas en mesure de s\u2019asseoir sans aide, de se relever en position assise depuis la position couch\u00e9e, d\u2019utiliser ses mains pour prendre quoi que ce soit, ni m\u00eame de parler.<\/p>\n<p>Nous sommes si heureux de faire \u00e9tat que presque un an et demi plus tard, Avi peut maintenant ramper et s\u2019asseoir de lui-m\u00eame. Il est \u00e9galement en mesure de se nourrir, r\u00e9cite depuis des livres et chante de m\u00e9moire. Il a appris \u00e0 marcher avec une marchette et a acquis des aptitudes motrices fines. Ses progr\u00e8s sont r\u00e9els \u2013 certains les appelleraient m\u00eame d\u2019extraordinaires. Nous appelons cela de l\u2019espoir.<\/p>\n<p>R\u00e9cemment, le MAB-Mackay a ajout\u00e9 l\u2019hydroth\u00e9rapie \u00e0 son programme hebdomadaire de physioth\u00e9rapie. Avi est un \u00ab enfant d\u2019eau \u00bb et il adore absolument le temps qu\u2019il passe dans la piscine. Les propri\u00e9t\u00e9s d\u2019apesanteur de l\u2019eau l\u2019aident \u00e0 mieux ma\u00eetriser de nouveaux patrons de mouvements et \u00e0 acqu\u00e9rir de la force fonctionnelle, le tout d\u2019une fa\u00e7on amusante et excitante.<\/p>\n<p>Il faut des personnes sp\u00e9ciales pour travailler dans un environnement o\u00f9 les enfants souffrent et luttent tous les jours. Nous \u00e9prouvons beaucoup d\u2019admiration pour l\u2019\u00e9quipe enti\u00e8re. Leur optimisme, leurs encouragements pour les enfants et les parents, et les regards complices qu\u2019ils \u00e9changent avec nous qui disent : \u00ab Je comprends, je suis ici pour vous, vous pouvez compter sur moi \u00bb ont une r\u00e9sonance profonde chez moi.<\/p>\n<p>Le fardeau \u00e9motionnel que nous endurons alors que nous regardons un jumeau courir dans le corridor, alors que l\u2019autre peine \u00e0 ramper quelques pieds est inexprimable. Chaque jour, une plaie est rouverte, et la douleur est aussi fra\u00eeche qu\u2019elle l\u2019\u00e9tait lorsqu\u2019Avi a re\u00e7u son diagnostic.<\/p>\n<p>Ce qui ressort le plus de notre exp\u00e9rience avec le MAB-Mackay et son \u00e9quipe tout enti\u00e8re, ce sont l\u2019encouragement et le support constants, les sourires chaleureux contagieux et les paroles toujours r\u00e9confortantes. Rien de tout cela n\u2019aurait \u00e9t\u00e9 possible sans vous!<\/p>\n<p>Alana et Aren &#8211; Fi\u00e8re maman et papa d&rsquo;Avi\u200b<\/p>\n<p>[\/et_pb_text][et_pb_button button_url=\u00a0\u00bbhttp:\/\/habilitas.ca\/our-stories\/\u00a0\u00bb button_text=\u00a0\u00bbAutres histoires\u00a0\u00bb button_alignment=\u00a0\u00bbleft\u00a0\u00bb admin_label=\u00a0\u00bbAutres histoires\u00a0\u00bb _builder_version=\u00a0\u00bb3.19.9&Prime;][\/et_pb_button][\/et_pb_column][\/et_pb_row][\/et_pb_section]<\/p>\n","protected":false},"excerpt":{"rendered":"<p>Par une belle journ\u00e9e printani\u00e8re, le soleil faisait fondre les derniers gla\u00e7ons. Les Montr\u00e9alais se d\u00e9lectaient dans la chaleur des rayons du soleil, alors que nous marchions avec appr\u00e9hension au rendez-vous de notre fils avec son p\u00e9diatre. Il s\u2019agissait d\u2019une journ\u00e9e que nous n\u2019oublierons jamais, car notre monde a \u00e9t\u00e9 compl\u00e8tement boulevers\u00e9. En mai 2014, [&hellip;]<\/p>\n","protected":false},"author":13,"featured_media":1770,"comment_status":"closed","ping_status":"open","sticky":false,"template":"","format":"standard","meta":{"_et_pb_use_builder":"on","_et_pb_old_content":"","_et_gb_content_width":"","_monsterinsights_skip_tracking":false,"_monsterinsights_sitenote_active":false,"_monsterinsights_sitenote_note":"","_monsterinsights_sitenote_category":0,"footnotes":""},"categories":[26],"tags":[],"class_list":["post-1791","post","type-post","status-publish","format-standard","has-post-thumbnail","hentry","category-histoires-de-clientes"],"yoast_head":"<!-- This site is optimized with the Yoast SEO plugin v27.1.1 - https:\/\/yoast.com\/product\/yoast-seo-wordpress\/ -->\n<title>Avi - Fondation Habilitas Foundation<\/title>\n<meta name=\"robots\" content=\"index, follow, max-snippet:-1, max-image-preview:large, max-video-preview:-1\" \/>\n<link rel=\"canonical\" href=\"https:\/\/habilitas.ca\/fr\/avi\/\" \/>\n<meta property=\"og:locale\" content=\"fr_FR\" \/>\n<meta property=\"og:type\" content=\"article\" \/>\n<meta property=\"og:title\" content=\"Avi - Fondation Habilitas Foundation\" \/>\n<meta property=\"og:description\" content=\"Par une belle journ\u00e9e printani\u00e8re, le soleil faisait fondre les derniers gla\u00e7ons. Les Montr\u00e9alais se d\u00e9lectaient dans la chaleur des rayons du soleil, alors que nous marchions avec appr\u00e9hension au rendez-vous de notre fils avec son p\u00e9diatre. Il s\u2019agissait d\u2019une journ\u00e9e que nous n\u2019oublierons jamais, car notre monde a \u00e9t\u00e9 compl\u00e8tement boulevers\u00e9. En mai 2014, [&hellip;]\" \/>\n<meta property=\"og:url\" content=\"https:\/\/habilitas.ca\/fr\/avi\/\" \/>\n<meta property=\"og:site_name\" content=\"Fondation Habilitas Foundation\" \/>\n<meta property=\"article:publisher\" content=\"https:\/\/www.facebook.com\/HABILITAS.fondation\/\" \/>\n<meta property=\"article:published_time\" content=\"2019-01-15T21:15:24+00:00\" \/>\n<meta property=\"article:modified_time\" content=\"2021-05-22T12:20:24+00:00\" \/>\n<meta property=\"og:image\" content=\"https:\/\/habilitas.ca\/wp-content\/uploads\/2019\/01\/MABMackay-Avi-91.jpg\" \/>\n\t<meta property=\"og:image:width\" content=\"800\" \/>\n\t<meta property=\"og:image:height\" content=\"586\" \/>\n\t<meta property=\"og:image:type\" content=\"image\/jpeg\" \/>\n<meta name=\"author\" content=\"Ryan Hayes\" \/>\n<meta name=\"twitter:card\" content=\"summary_large_image\" \/>\n<meta name=\"twitter:label1\" content=\"\u00c9crit par\" \/>\n\t<meta name=\"twitter:data1\" content=\"Ryan Hayes\" \/>\n\t<meta name=\"twitter:label2\" content=\"Dur\u00e9e de lecture estim\u00e9e\" \/>\n\t<meta name=\"twitter:data2\" content=\"5 minutes\" \/>\n<script type=\"application\/ld+json\" class=\"yoast-schema-graph\">{\"@context\":\"https:\/\/schema.org\",\"@graph\":[{\"@type\":\"Article\",\"@id\":\"https:\/\/habilitas.ca\/fr\/avi\/#article\",\"isPartOf\":{\"@id\":\"https:\/\/habilitas.ca\/fr\/avi\/\"},\"author\":{\"name\":\"Ryan Hayes\",\"@id\":\"https:\/\/habilitas.ca\/#\/schema\/person\/9bb497f43095887cc9dfc4fa873e3400\"},\"headline\":\"Avi\",\"datePublished\":\"2019-01-15T21:15:24+00:00\",\"dateModified\":\"2021-05-22T12:20:24+00:00\",\"mainEntityOfPage\":{\"@id\":\"https:\/\/habilitas.ca\/fr\/avi\/\"},\"wordCount\":1147,\"image\":{\"@id\":\"https:\/\/habilitas.ca\/fr\/avi\/#primaryimage\"},\"thumbnailUrl\":\"https:\/\/habilitas.ca\/wp-content\/uploads\/2019\/01\/MABMackay-Avi-91.jpg\",\"articleSection\":[\"Histoires de client\u00b7e\u00b7s\"],\"inLanguage\":\"fr-FR\"},{\"@type\":\"WebPage\",\"@id\":\"https:\/\/habilitas.ca\/fr\/avi\/\",\"url\":\"https:\/\/habilitas.ca\/fr\/avi\/\",\"name\":\"Avi - Fondation Habilitas Foundation\",\"isPartOf\":{\"@id\":\"https:\/\/habilitas.ca\/#website\"},\"primaryImageOfPage\":{\"@id\":\"https:\/\/habilitas.ca\/fr\/avi\/#primaryimage\"},\"image\":{\"@id\":\"https:\/\/habilitas.ca\/fr\/avi\/#primaryimage\"},\"thumbnailUrl\":\"https:\/\/habilitas.ca\/wp-content\/uploads\/2019\/01\/MABMackay-Avi-91.jpg\",\"datePublished\":\"2019-01-15T21:15:24+00:00\",\"dateModified\":\"2021-05-22T12:20:24+00:00\",\"author\":{\"@id\":\"https:\/\/habilitas.ca\/#\/schema\/person\/9bb497f43095887cc9dfc4fa873e3400\"},\"breadcrumb\":{\"@id\":\"https:\/\/habilitas.ca\/fr\/avi\/#breadcrumb\"},\"inLanguage\":\"fr-FR\",\"potentialAction\":[{\"@type\":\"ReadAction\",\"target\":[\"https:\/\/habilitas.ca\/fr\/avi\/\"]}]},{\"@type\":\"ImageObject\",\"inLanguage\":\"fr-FR\",\"@id\":\"https:\/\/habilitas.ca\/fr\/avi\/#primaryimage\",\"url\":\"https:\/\/habilitas.ca\/wp-content\/uploads\/2019\/01\/MABMackay-Avi-91.jpg\",\"contentUrl\":\"https:\/\/habilitas.ca\/wp-content\/uploads\/2019\/01\/MABMackay-Avi-91.jpg\",\"width\":800,\"height\":586},{\"@type\":\"BreadcrumbList\",\"@id\":\"https:\/\/habilitas.ca\/fr\/avi\/#breadcrumb\",\"itemListElement\":[{\"@type\":\"ListItem\",\"position\":1,\"name\":\"Home\",\"item\":\"https:\/\/habilitas.ca\/fr\/\"},{\"@type\":\"ListItem\",\"position\":2,\"name\":\"Avi\"}]},{\"@type\":\"WebSite\",\"@id\":\"https:\/\/habilitas.ca\/#website\",\"url\":\"https:\/\/habilitas.ca\/\",\"name\":\"Habilitas\",\"description\":\"\",\"potentialAction\":[{\"@type\":\"SearchAction\",\"target\":{\"@type\":\"EntryPoint\",\"urlTemplate\":\"https:\/\/habilitas.ca\/?s={search_term_string}\"},\"query-input\":{\"@type\":\"PropertyValueSpecification\",\"valueRequired\":true,\"valueName\":\"search_term_string\"}}],\"inLanguage\":\"fr-FR\"},{\"@type\":\"Person\",\"@id\":\"https:\/\/habilitas.ca\/#\/schema\/person\/9bb497f43095887cc9dfc4fa873e3400\",\"name\":\"Ryan Hayes\"}]}<\/script>\n<!-- \/ Yoast SEO plugin. -->","yoast_head_json":{"title":"Avi - Fondation Habilitas Foundation","robots":{"index":"index","follow":"follow","max-snippet":"max-snippet:-1","max-image-preview":"max-image-preview:large","max-video-preview":"max-video-preview:-1"},"canonical":"https:\/\/habilitas.ca\/fr\/avi\/","og_locale":"fr_FR","og_type":"article","og_title":"Avi - Fondation Habilitas Foundation","og_description":"Par une belle journ\u00e9e printani\u00e8re, le soleil faisait fondre les derniers gla\u00e7ons. Les Montr\u00e9alais se d\u00e9lectaient dans la chaleur des rayons du soleil, alors que nous marchions avec appr\u00e9hension au rendez-vous de notre fils avec son p\u00e9diatre. Il s\u2019agissait d\u2019une journ\u00e9e que nous n\u2019oublierons jamais, car notre monde a \u00e9t\u00e9 compl\u00e8tement boulevers\u00e9. En mai 2014, [&hellip;]","og_url":"https:\/\/habilitas.ca\/fr\/avi\/","og_site_name":"Fondation Habilitas Foundation","article_publisher":"https:\/\/www.facebook.com\/HABILITAS.fondation\/","article_published_time":"2019-01-15T21:15:24+00:00","article_modified_time":"2021-05-22T12:20:24+00:00","og_image":[{"width":800,"height":586,"url":"https:\/\/habilitas.ca\/wp-content\/uploads\/2019\/01\/MABMackay-Avi-91.jpg","type":"image\/jpeg"}],"author":"Ryan Hayes","twitter_card":"summary_large_image","twitter_misc":{"\u00c9crit par":"Ryan Hayes","Dur\u00e9e de lecture estim\u00e9e":"5 minutes"},"schema":{"@context":"https:\/\/schema.org","@graph":[{"@type":"Article","@id":"https:\/\/habilitas.ca\/fr\/avi\/#article","isPartOf":{"@id":"https:\/\/habilitas.ca\/fr\/avi\/"},"author":{"name":"Ryan Hayes","@id":"https:\/\/habilitas.ca\/#\/schema\/person\/9bb497f43095887cc9dfc4fa873e3400"},"headline":"Avi","datePublished":"2019-01-15T21:15:24+00:00","dateModified":"2021-05-22T12:20:24+00:00","mainEntityOfPage":{"@id":"https:\/\/habilitas.ca\/fr\/avi\/"},"wordCount":1147,"image":{"@id":"https:\/\/habilitas.ca\/fr\/avi\/#primaryimage"},"thumbnailUrl":"https:\/\/habilitas.ca\/wp-content\/uploads\/2019\/01\/MABMackay-Avi-91.jpg","articleSection":["Histoires de client\u00b7e\u00b7s"],"inLanguage":"fr-FR"},{"@type":"WebPage","@id":"https:\/\/habilitas.ca\/fr\/avi\/","url":"https:\/\/habilitas.ca\/fr\/avi\/","name":"Avi - Fondation Habilitas Foundation","isPartOf":{"@id":"https:\/\/habilitas.ca\/#website"},"primaryImageOfPage":{"@id":"https:\/\/habilitas.ca\/fr\/avi\/#primaryimage"},"image":{"@id":"https:\/\/habilitas.ca\/fr\/avi\/#primaryimage"},"thumbnailUrl":"https:\/\/habilitas.ca\/wp-content\/uploads\/2019\/01\/MABMackay-Avi-91.jpg","datePublished":"2019-01-15T21:15:24+00:00","dateModified":"2021-05-22T12:20:24+00:00","author":{"@id":"https:\/\/habilitas.ca\/#\/schema\/person\/9bb497f43095887cc9dfc4fa873e3400"},"breadcrumb":{"@id":"https:\/\/habilitas.ca\/fr\/avi\/#breadcrumb"},"inLanguage":"fr-FR","potentialAction":[{"@type":"ReadAction","target":["https:\/\/habilitas.ca\/fr\/avi\/"]}]},{"@type":"ImageObject","inLanguage":"fr-FR","@id":"https:\/\/habilitas.ca\/fr\/avi\/#primaryimage","url":"https:\/\/habilitas.ca\/wp-content\/uploads\/2019\/01\/MABMackay-Avi-91.jpg","contentUrl":"https:\/\/habilitas.ca\/wp-content\/uploads\/2019\/01\/MABMackay-Avi-91.jpg","width":800,"height":586},{"@type":"BreadcrumbList","@id":"https:\/\/habilitas.ca\/fr\/avi\/#breadcrumb","itemListElement":[{"@type":"ListItem","position":1,"name":"Home","item":"https:\/\/habilitas.ca\/fr\/"},{"@type":"ListItem","position":2,"name":"Avi"}]},{"@type":"WebSite","@id":"https:\/\/habilitas.ca\/#website","url":"https:\/\/habilitas.ca\/","name":"Habilitas","description":"","potentialAction":[{"@type":"SearchAction","target":{"@type":"EntryPoint","urlTemplate":"https:\/\/habilitas.ca\/?s={search_term_string}"},"query-input":{"@type":"PropertyValueSpecification","valueRequired":true,"valueName":"search_term_string"}}],"inLanguage":"fr-FR"},{"@type":"Person","@id":"https:\/\/habilitas.ca\/#\/schema\/person\/9bb497f43095887cc9dfc4fa873e3400","name":"Ryan Hayes"}]}},"_links":{"self":[{"href":"https:\/\/habilitas.ca\/fr\/wp-json\/wp\/v2\/posts\/1791","targetHints":{"allow":["GET"]}}],"collection":[{"href":"https:\/\/habilitas.ca\/fr\/wp-json\/wp\/v2\/posts"}],"about":[{"href":"https:\/\/habilitas.ca\/fr\/wp-json\/wp\/v2\/types\/post"}],"author":[{"embeddable":true,"href":"https:\/\/habilitas.ca\/fr\/wp-json\/wp\/v2\/users\/13"}],"replies":[{"embeddable":true,"href":"https:\/\/habilitas.ca\/fr\/wp-json\/wp\/v2\/comments?post=1791"}],"version-history":[{"count":6,"href":"https:\/\/habilitas.ca\/fr\/wp-json\/wp\/v2\/posts\/1791\/revisions"}],"predecessor-version":[{"id":7793,"href":"https:\/\/habilitas.ca\/fr\/wp-json\/wp\/v2\/posts\/1791\/revisions\/7793"}],"wp:featuredmedia":[{"embeddable":true,"href":"https:\/\/habilitas.ca\/fr\/wp-json\/wp\/v2\/media\/1770"}],"wp:attachment":[{"href":"https:\/\/habilitas.ca\/fr\/wp-json\/wp\/v2\/media?parent=1791"}],"wp:term":[{"taxonomy":"category","embeddable":true,"href":"https:\/\/habilitas.ca\/fr\/wp-json\/wp\/v2\/categories?post=1791"},{"taxonomy":"post_tag","embeddable":true,"href":"https:\/\/habilitas.ca\/fr\/wp-json\/wp\/v2\/tags?post=1791"}],"curies":[{"name":"wp","href":"https:\/\/api.w.org\/{rel}","templated":true}]}}