{"id":1609,"date":"2017-01-15T21:50:18","date_gmt":"2017-01-16T02:50:18","guid":{"rendered":"http:\/\/habilitas.ca\/qita\/"},"modified":"2019-07-09T12:03:30","modified_gmt":"2019-07-09T17:03:30","slug":"qita","status":"publish","type":"post","link":"https:\/\/habilitas.ca\/fr\/qita\/","title":{"rendered":"Qita"},"content":{"rendered":"<p>[et_pb_section bb_built=\u00a0\u00bb1&Prime; next_background_color=\u00a0\u00bbrgba(68,205,207,0.3)\u00a0\u00bb][et_pb_row][et_pb_column type=\u00a0\u00bb4_4&Prime;][et_pb_post_title _builder_version=\u00a0\u00bb3.19.9&Prime; meta=\u00a0\u00bboff\u00a0\u00bb featured_image=\u00a0\u00bboff\u00a0\u00bb text_orientation=\u00a0\u00bbcenter\u00a0\u00bb \/][\/et_pb_column][\/et_pb_row][et_pb_row][et_pb_column type=\u00a0\u00bb4_4&Prime;][et_pb_text _builder_version=\u00a0\u00bb3.19.9&Prime;]<\/p>\n<p>Imaginez si tout endroit public et toute r\u00e9union familiale vous faisaient l\u2019effet d\u2019un mauvais concert rock.<\/p>\n<p>Si vous, ou une personne de votre entourage, perdiez soudainement l\u2019ou\u00efe et sentiez le monde se refermer autour de vous, vers qui vous tourneriez-vous ?<\/p>\n<p>Il y a dix ans, j\u2019ai soudainement commenc\u00e9 \u00e0 perdre mon audition de fa\u00e7on inexplicable. Vous n\u2019aurez aucun mal \u00e0 vous imaginer, en tant que jeune m\u00e8re de deux enfants, et en d\u00e9but de carri\u00e8re comme enseignante, j\u2019ai v\u00e9cu une exp\u00e9rience d\u00e9vastatrice. Au fil des semaines et des mois, mon audition continuait \u00e0 se d\u00e9t\u00e9riorer.<\/p>\n<p>J\u2019ai commenc\u00e9 \u00e0 \u00e9prouver des difficult\u00e9s \u00e0 comprendre ce que les gens disaient autour de moi. Je ne peux qu\u2019imaginer \u00e0 quel point la situation devait \u00eatre \u00e0 la fois effrayante et frustrante pour mes filles, surtout pour celle de deux ans qui ne parlait pas tr\u00e8s bien encore. La situation devenait de plus en plus bouleversante alors que je ne pouvais plus suivre les conversations t\u00e9l\u00e9phoniques. C\u2019\u00e9tait aussi devenu tr\u00e8s difficile pour moi d\u2019entendre les questions que me posaient mes \u00e9tudiants du C\u00c9GEP.<\/p>\n<p>Cette d\u00e9ficience invisible me d\u00e9poss\u00e9dait de ma capacit\u00e9 de fonctionner et de mener une vie normale.<\/p>\n<p>Je ne pouvais plus parler au t\u00e9l\u00e9phone, sortir au restaurant avec mes amis, ou m\u00eame regarder un film sans sous-titres. Puisque je ne pouvais plus enseigner qu\u2019\u00e0 temps partiel, nous n\u2019avions plus les moyens de garder notre maison et avons d\u00fb d\u00e9m\u00e9nager. Tous les domaines de ma vie \u00e9taient sous tensions, et je me suis compl\u00e8tement d\u00e9courag\u00e9e.<\/p>\n<p>J\u2019\u00e9tais tellement soulag\u00e9e et r\u00e9confort\u00e9e d\u2019avoir pu trouver le MAB-Mackay.<\/p>\n<p>[\/et_pb_text][\/et_pb_column][\/et_pb_row][et_pb_row _builder_version=\u00a0\u00bb3.19.9&Prime; make_equal=\u00a0\u00bbon\u00a0\u00bb module_class_1=\u00a0\u00bbds-vertical-align\u00a0\u00bb module_class_2=\u00a0\u00bbds-vertical-align\u00a0\u00bb][et_pb_column type=\u00a0\u00bb1_2&Prime;][et_pb_text _builder_version=\u00a0\u00bb3.19.9&Prime; quote_font=\u00a0\u00bb||on||||||\u00a0\u00bb quote_text_align=\u00a0\u00bbcenter\u00a0\u00bb quote_font_size=\u00a0\u00bb22px\u00a0\u00bb]<\/p>\n<blockquote>\n<p><strong>Plus le temps passait, plus j\u2019avais du mal \u00e0 me sentir bien dans ma peau. Comme jeune femme, je ne me sentais plus \u00e0 mon avantage avec mes appareils auditifs. Pire encore, je me sentais incomp\u00e9tente.<\/strong><\/p>\n<\/blockquote>\n<p>[\/et_pb_text][\/et_pb_column][et_pb_column type=\u00a0\u00bb1_2&Prime;][et_pb_image _builder_version=\u00a0\u00bb3.19.9&Prime; src=\u00a0\u00bbhttp:\/\/habilitas.ca\/wp-content\/uploads\/2019\/01\/Quita.jpg\u00a0\u00bb \/][\/et_pb_column][\/et_pb_row][et_pb_row][et_pb_column type=\u00a0\u00bb4_4&Prime;][et_pb_text _builder_version=\u00a0\u00bb3.19.9&Prime;]<\/p>\n<p>Les membres de l\u2019\u00e9quipe fantastique de professionnels que j\u2019ai rencontr\u00e9 l\u00e0 ont bien compris les d\u00e9fis auxquels je faisais face. Ils m\u2019ont offert leur support \u00e0 bien des niveaux, \u00e0 commencer par les examens auditifs, les conseils en strat\u00e9gies de communication, et enfin avec l\u2019utilisation d\u2019un t\u00e9l\u00e9phone adapt\u00e9 et d\u2019\u00e9quipements sp\u00e9cialis\u00e9s.<\/p>\n<p>Le MAB-Mackay m\u2019a aussi fourni une foule d\u2019information, des conseils d\u2019orientation, des le\u00e7ons de lecture labiale, des strat\u00e9gies pour communiquer avec ma famille et mes amis, et des renseignements sur les implants cochl\u00e9aires. J\u2019ai alors commenc\u00e9 \u00e0 me sentir plus confiante, enfin outill\u00e9e pour mieux comprendre les gens autour de moi. Ils m\u2019ont fait prendre conscience que je n\u2019\u00e9tais pas seule.<\/p>\n<p>Recevoir le soutien et l\u2019empathie du MAB-Mackay m\u2019a permis de faire le bout de chemin qu\u2019il me fallait avant de pouvoir accepter ma perte auditive et aller de l\u2019avant.<\/p>\n<p>En me concentrant sur ma passion pour la transmission des connaissances et du plaisir d\u2019apprendre, j\u2019ai r\u00e9cemment ouvert mon atelier-boutique de c\u00e9ramique. Aujourd\u2019hui, j\u2019enseigne la c\u00e9ramique et je produis pour la vente au d\u00e9tail, ce qui me permet de contourner ma d\u00e9ficience. J\u2019ai appris \u00e0 aimer le silence, la m\u00e9ditation, le yoga, et le processus magique de la c\u00e9ramique et de l\u2019art utilitaire.<\/p>\n<p>Sans le MAB-Mackay, je ne sais pas o\u00f9 j\u2019en serais. M\u00eame apr\u00e8s toutes ces ann\u00e9es, je compte encore sur ma merveilleuse \u00e9quipe de soutien pour leurs conseils et leur empathie. Ils m\u2019ont appris que je n\u2019\u00e9tais pas r\u00e9duite \u00e0 ma d\u00e9ficience auditive et qu\u2019elle n\u2019avait pas non plus \u00e0 interf\u00e9rer avec mon bonheur.<\/p>\n<p>Avec mes plus sinc\u00e8res remerciements,<br \/>Rita Reindler<\/p>\n<p>[\/et_pb_text][et_pb_button admin_label=\u00a0\u00bbAutres histoires\u00a0\u00bb _builder_version=\u00a0\u00bb3.19.9&Prime; button_text=\u00a0\u00bbAutres histoires\u00a0\u00bb button_url=\u00a0\u00bbhttp:\/\/habilitas.ca\/our-stories\/\u00a0\u00bb button_alignment=\u00a0\u00bbleft\u00a0\u00bb \/][\/et_pb_column][\/et_pb_row][\/et_pb_section][et_pb_section bb_built=\u00a0\u00bb1&Prime; _builder_version=\u00a0\u00bb3.19.9&Prime; background_color=\u00a0\u00bbrgba(68,205,207,0.3)\u00a0\u00bb prev_background_color=\u00a0\u00bb#ffffff\u00a0\u00bb custom_margin=\u00a0\u00bb||0px|\u00a0\u00bb custom_padding=\u00a0\u00bb||0px|\u00a0\u00bb global_module=\u00a0\u00bb1795&Prime;][et_pb_row global_parent=\u00a0\u00bb1795&Prime; _builder_version=\u00a0\u00bb3.0.48&Prime; background_size=\u00a0\u00bbinitial\u00a0\u00bb background_position=\u00a0\u00bbtop_left\u00a0\u00bb background_repeat=\u00a0\u00bbrepeat\u00a0\u00bb][et_pb_column type=\u00a0\u00bb1_4&Prime;][et_pb_signup global_parent=\u00a0\u00bb1795&Prime; activecampaign_list=\u00a0\u00bb|none\u00a0\u00bb aweber_list=\u00a0\u00bb|none\u00a0\u00bb campaign_monitor_list=\u00a0\u00bb|none\u00a0\u00bb constant_contact_list=\u00a0\u00bbHABILITAS Website|1116831926&Prime; convertkit_list=\u00a0\u00bb|none\u00a0\u00bb emma_list=\u00a0\u00bb|none\u00a0\u00bb feedblitz_list=\u00a0\u00bb|none\u00a0\u00bb getresponse_list=\u00a0\u00bb|none\u00a0\u00bb hubspot_list=\u00a0\u00bb|none\u00a0\u00bb icontact_list=\u00a0\u00bb|none\u00a0\u00bb infusionsoft_list=\u00a0\u00bb|none\u00a0\u00bb madmimi_list=\u00a0\u00bb|none\u00a0\u00bb mailchimp_list=\u00a0\u00bb|none\u00a0\u00bb mailerlite_list=\u00a0\u00bb|none\u00a0\u00bb mailpoet_list=\u00a0\u00bb|none\u00a0\u00bb mailster_list=\u00a0\u00bb|none\u00a0\u00bb ontraport_list=\u00a0\u00bb|none\u00a0\u00bb salesforce_list=\u00a0\u00bb|none\u00a0\u00bb sendinblue_list=\u00a0\u00bb|none\u00a0\u00bb first_name_field=\u00a0\u00bboff\u00a0\u00bb last_name_field=\u00a0\u00bboff\u00a0\u00bb title=\u00a0\u00bbInscrivez-vous \u00e0 notre infolettre\u00a0\u00bb _builder_version=\u00a0\u00bb3.19.9&Prime; header_font=\u00a0\u00bb|600|||||||\u00a0\u00bb header_text_color=\u00a0\u00bb#313175&Prime; header_font_size=\u00a0\u00bb18&Prime; use_background_color=\u00a0\u00bboff\u00a0\u00bb border_radii_fields=\u00a0\u00bbon|50px|50px|50px|50px\u00a0\u00bb background_layout=\u00a0\u00bblight\u00a0\u00bb provider=\u00a0\u00bbconstant_contact\u00a0\u00bb button_text=\u00a0\u00bbS\u2019abonner\u00a0\u00bb \/][\/et_pb_column][et_pb_column type=\u00a0\u00bb1_4&Prime;][et_pb_text global_parent=\u00a0\u00bb1795&Prime; _builder_version=\u00a0\u00bb3.19.9&Prime; text_font_size=\u00a0\u00bb14px\u00a0\u00bb header_4_font=\u00a0\u00bb|600|||||||\u00a0\u00bb]<\/p>\n<p>&nbsp;<\/p>\n<h4>Foundation<\/h4>\n<p><a href=\"http:\/\/habilitas.ca\/our-stories\/\">Our Stories<\/a><br \/><a href=\"http:\/\/habilitas.ca\/events\/\">Events<\/a><br \/><a href=\"http:\/\/habilitas.ca\/who-we-support\/\">Who We Support<\/a><br \/><a href=\"http:\/\/habilitas.ca\/team\/\">Team<\/a><br \/><a href=\"http:\/\/habilitas.ca\/contact-us\/\">Contact<\/a><\/p>\n<p>&nbsp;<\/p>\n<p>[\/et_pb_text][\/et_pb_column][et_pb_column type=\u00a0\u00bb1_4&Prime;][et_pb_text global_parent=\u00a0\u00bb1795&Prime; _builder_version=\u00a0\u00bb3.19.9&Prime; text_font_size=\u00a0\u00bb14px\u00a0\u00bb header_4_font=\u00a0\u00bb|600|||||||\u00a0\u00bb]<\/p>\n<h4>Donate<\/h4>\n<p><a href=\"http:\/\/habilitas.ca\/donate-online\/\">Donate Online<\/a><br \/><a href=\"http:\/\/habilitas.ca\/ways-to-donate\/\">Ways to Donate<\/a><br \/><a href=\"http:\/\/habilitas.ca\/get-involved\/\">Get Involved<\/a><\/p>\n<p>[\/et_pb_text][\/et_pb_column][et_pb_column type=\u00a0\u00bb1_4&Prime;][et_pb_image global_parent=\u00a0\u00bb1795&Prime; _builder_version=\u00a0\u00bb3.19.4&Prime; src=\u00a0\u00bbhttp:\/\/habilitas.ca\/wp-content\/uploads\/2019\/01\/Habilitas-Logo-Icon-H-Bil-Dark-RGB.png\u00a0\u00bb \/][et_pb_social_media_follow global_parent=\u00a0\u00bb1795&Prime; _builder_version=\u00a0\u00bb3.19.9&Prime; text_orientation=\u00a0\u00bbleft\u00a0\u00bb border_radii=\u00a0\u00bbon|50px|50px|50px|50px\u00a0\u00bb][et_pb_social_media_follow_network _builder_version=\u00a0\u00bb3.19.9&Prime; social_network=\u00a0\u00bbfacebook\u00a0\u00bb skype_action=\u00a0\u00bbcall\u00a0\u00bb url=\u00a0\u00bb#\u00a0\u00bb background_color=\u00a0\u00bb#313175&Prime; use_background_color_gradient=\u00a0\u00bboff\u00a0\u00bb background_color_gradient_start=\u00a0\u00bb#2b87da\u00a0\u00bb background_color_gradient_end=\u00a0\u00bb#29c4a9&Prime; background_color_gradient_type=\u00a0\u00bblinear\u00a0\u00bb background_color_gradient_direction=\u00a0\u00bb180deg\u00a0\u00bb background_color_gradient_direction_radial=\u00a0\u00bbcenter\u00a0\u00bb background_color_gradient_start_position=\u00a0\u00bb0%\u00a0\u00bb background_color_gradient_end_position=\u00a0\u00bb100%\u00a0\u00bb background_color_gradient_overlays_image=\u00a0\u00bboff\u00a0\u00bb parallax=\u00a0\u00bboff\u00a0\u00bb parallax_method=\u00a0\u00bbon\u00a0\u00bb background_size=\u00a0\u00bbcover\u00a0\u00bb background_position=\u00a0\u00bbcenter\u00a0\u00bb background_repeat=\u00a0\u00bbno-repeat\u00a0\u00bb background_blend=\u00a0\u00bbnormal\u00a0\u00bb allow_player_pause=\u00a0\u00bboff\u00a0\u00bb background_video_pause_outside_viewport=\u00a0\u00bbon\u00a0\u00bb box_shadow_style=\u00a0\u00bbnone\u00a0\u00bb hover_transition_duration=\u00a0\u00bb300ms\u00a0\u00bb hover_transition_delay=\u00a0\u00bb0ms\u00a0\u00bb hover_transition_speed_curve=\u00a0\u00bbease\u00a0\u00bb border_radii=\u00a0\u00bbon|3px|3px|3px|3px\u00a0\u00bb]<\/p>\n<p>Facebook<\/p>\n<p>[\/et_pb_social_media_follow_network][et_pb_social_media_follow_network _builder_version=\u00a0\u00bb3.19.9&Prime; social_network=\u00a0\u00bblinkedin\u00a0\u00bb skype_action=\u00a0\u00bbcall\u00a0\u00bb url=\u00a0\u00bb#\u00a0\u00bb background_color=\u00a0\u00bb#00ab89&Prime; use_background_color_gradient=\u00a0\u00bboff\u00a0\u00bb background_color_gradient_start=\u00a0\u00bb#2b87da\u00a0\u00bb background_color_gradient_end=\u00a0\u00bb#29c4a9&Prime; background_color_gradient_type=\u00a0\u00bblinear\u00a0\u00bb background_color_gradient_direction=\u00a0\u00bb180deg\u00a0\u00bb background_color_gradient_direction_radial=\u00a0\u00bbcenter\u00a0\u00bb background_color_gradient_start_position=\u00a0\u00bb0%\u00a0\u00bb background_color_gradient_end_position=\u00a0\u00bb100%\u00a0\u00bb background_color_gradient_overlays_image=\u00a0\u00bboff\u00a0\u00bb parallax=\u00a0\u00bboff\u00a0\u00bb parallax_method=\u00a0\u00bbon\u00a0\u00bb background_size=\u00a0\u00bbcover\u00a0\u00bb background_position=\u00a0\u00bbcenter\u00a0\u00bb background_repeat=\u00a0\u00bbno-repeat\u00a0\u00bb background_blend=\u00a0\u00bbnormal\u00a0\u00bb allow_player_pause=\u00a0\u00bboff\u00a0\u00bb background_video_pause_outside_viewport=\u00a0\u00bbon\u00a0\u00bb box_shadow_style=\u00a0\u00bbnone\u00a0\u00bb hover_transition_duration=\u00a0\u00bb300ms\u00a0\u00bb hover_transition_delay=\u00a0\u00bb0ms\u00a0\u00bb hover_transition_speed_curve=\u00a0\u00bbease\u00a0\u00bb border_radii=\u00a0\u00bbon|3px|3px|3px|3px\u00a0\u00bb]<\/p>\n<p>LinkedIn<\/p>\n<p>[\/et_pb_social_media_follow_network][et_pb_social_media_follow_network _builder_version=\u00a0\u00bb3.19.9&Prime; social_network=\u00a0\u00bbinstagram\u00a0\u00bb skype_action=\u00a0\u00bbcall\u00a0\u00bb url=\u00a0\u00bb#\u00a0\u00bb use_background_color_gradient=\u00a0\u00bboff\u00a0\u00bb background_color_gradient_start=\u00a0\u00bb#2b87da\u00a0\u00bb background_color_gradient_end=\u00a0\u00bb#29c4a9&Prime; background_color_gradient_type=\u00a0\u00bblinear\u00a0\u00bb background_color_gradient_direction=\u00a0\u00bb180deg\u00a0\u00bb background_color_gradient_direction_radial=\u00a0\u00bbcenter\u00a0\u00bb background_color_gradient_start_position=\u00a0\u00bb0%\u00a0\u00bb background_color_gradient_end_position=\u00a0\u00bb100%\u00a0\u00bb background_color_gradient_overlays_image=\u00a0\u00bboff\u00a0\u00bb parallax=\u00a0\u00bboff\u00a0\u00bb parallax_method=\u00a0\u00bbon\u00a0\u00bb background_size=\u00a0\u00bbcover\u00a0\u00bb background_position=\u00a0\u00bbcenter\u00a0\u00bb background_repeat=\u00a0\u00bbno-repeat\u00a0\u00bb background_blend=\u00a0\u00bbnormal\u00a0\u00bb allow_player_pause=\u00a0\u00bboff\u00a0\u00bb background_video_pause_outside_viewport=\u00a0\u00bbon\u00a0\u00bb box_shadow_style=\u00a0\u00bbnone\u00a0\u00bb hover_transition_duration=\u00a0\u00bb300ms\u00a0\u00bb hover_transition_delay=\u00a0\u00bb0ms\u00a0\u00bb hover_transition_speed_curve=\u00a0\u00bbease\u00a0\u00bb background_color=\u00a0\u00bb#e7507b\u00a0\u00bb border_radii=\u00a0\u00bbon|3px|3px|3px|3px\u00a0\u00bb]<\/p>\n<p>Instagram<\/p>\n<p>[\/et_pb_social_media_follow_network][\/et_pb_social_media_follow][\/et_pb_column][\/et_pb_row][et_pb_row global_parent=\u00a0\u00bb1795&Prime; _builder_version=\u00a0\u00bb3.19.9&Prime; custom_margin=\u00a0\u00bb||0px|\u00a0\u00bb custom_padding=\u00a0\u00bb||0px|\u00a0\u00bb][et_pb_column type=\u00a0\u00bb1_3&Prime;][\/et_pb_column][et_pb_column type=\u00a0\u00bb1_3&Prime;][et_pb_text global_parent=\u00a0\u00bb1795&Prime; _builder_version=\u00a0\u00bb3.19.9&Prime; link_font_size=\u00a0\u00bb12px\u00a0\u00bb custom_padding=\u00a0\u00bb0px||0px|\u00a0\u00bb link_text_align=\u00a0\u00bbcenter\u00a0\u00bb custom_margin=\u00a0\u00bb||0px|\u00a0\u00bb text_orientation=\u00a0\u00bbcenter\u00a0\u00bb]<\/p>\n<p><span style=\"color: #ffffff;\"><a style=\"color: #ffffff;\" href=\"https:\/\/sparrowstrategy.com\/\" target=\"_blank\" rel=\"noopener noreferrer\">Web Design Sparrow Digital<\/a><\/span><\/p>\n<p>\u00a0<\/p>\n<p>[\/et_pb_text][\/et_pb_column][et_pb_column type=\u00a0\u00bb1_3&Prime;][\/et_pb_column][\/et_pb_row][\/et_pb_section]<\/p>\n","protected":false},"excerpt":{"rendered":"<p><div class=\"et_pb_row et_pb_row_0 et_pb_row_empty\">\n\t\t\t\t\n\t\t\t\t\n\t\t\t\t\n\t\t\t\t\n\t\t\t\t\n\t\t\t<\/div><div class=\"et_pb_row et_pb_row_1 et_pb_row_empty\">\n\t\t\t\t\n\t\t\t\t\n\t\t\t\t\n\t\t\t\t\n\t\t\t\t\n\t\t\t<\/div> Imaginez si tout endroit public et toute r\u00e9union familiale vous faisaient l\u2019effet d\u2019un mauvais concert rock. Si vous, ou une personne de votre entourage, perdiez soudainement l\u2019ou\u00efe et sentiez le monde se refermer autour de vous, vers qui vous tourneriez-vous ? Il y a dix ans, j\u2019ai soudainement commenc\u00e9 \u00e0 perdre mon audition de [&hellip;]<\/p>\n","protected":false},"author":13,"featured_media":1610,"comment_status":"closed","ping_status":"open","sticky":false,"template":"","format":"standard","meta":{"_et_pb_use_builder":"on","_et_pb_old_content":"","_et_gb_content_width":"","_monsterinsights_skip_tracking":false,"_monsterinsights_sitenote_active":false,"_monsterinsights_sitenote_note":"","_monsterinsights_sitenote_category":0,"footnotes":""},"categories":[26],"tags":[],"class_list":["post-1609","post","type-post","status-publish","format-standard","has-post-thumbnail","hentry","category-histoires-de-clientes"],"yoast_head":"<!-- This site is optimized with the Yoast SEO plugin v27.1.1 - https:\/\/yoast.com\/product\/yoast-seo-wordpress\/ -->\n<title>Qita - Fondation Habilitas Foundation<\/title>\n<meta name=\"robots\" content=\"index, follow, max-snippet:-1, max-image-preview:large, max-video-preview:-1\" \/>\n<link rel=\"canonical\" href=\"https:\/\/habilitas.ca\/fr\/qita\/\" \/>\n<meta property=\"og:locale\" content=\"fr_FR\" \/>\n<meta property=\"og:type\" content=\"article\" \/>\n<meta property=\"og:title\" content=\"Qita - Fondation Habilitas Foundation\" \/>\n<meta property=\"og:description\" content=\"Imaginez si tout endroit public et toute r\u00e9union familiale vous faisaient l\u2019effet d\u2019un mauvais concert rock. Si vous, ou une personne de votre entourage, perdiez soudainement l\u2019ou\u00efe et sentiez le monde se refermer autour de vous, vers qui vous tourneriez-vous ? Il y a dix ans, j\u2019ai soudainement commenc\u00e9 \u00e0 perdre mon audition de [&hellip;]\" \/>\n<meta property=\"og:url\" content=\"https:\/\/habilitas.ca\/fr\/qita\/\" \/>\n<meta property=\"og:site_name\" content=\"Fondation Habilitas Foundation\" \/>\n<meta property=\"article:publisher\" content=\"https:\/\/www.facebook.com\/HABILITAS.fondation\/\" \/>\n<meta property=\"article:published_time\" content=\"2017-01-16T02:50:18+00:00\" \/>\n<meta property=\"article:modified_time\" content=\"2019-07-09T17:03:30+00:00\" \/>\n<meta property=\"og:image\" content=\"https:\/\/habilitas.ca\/wp-content\/uploads\/2019\/01\/Quita.jpg\" \/>\n\t<meta property=\"og:image:width\" content=\"800\" \/>\n\t<meta property=\"og:image:height\" content=\"500\" \/>\n\t<meta property=\"og:image:type\" content=\"image\/jpeg\" \/>\n<meta name=\"author\" content=\"Ryan Hayes\" \/>\n<meta name=\"twitter:card\" content=\"summary_large_image\" \/>\n<meta name=\"twitter:label1\" content=\"\u00c9crit par\" \/>\n\t<meta name=\"twitter:data1\" content=\"Ryan Hayes\" \/>\n\t<meta name=\"twitter:label2\" content=\"Dur\u00e9e de lecture estim\u00e9e\" \/>\n\t<meta name=\"twitter:data2\" content=\"8 minutes\" \/>\n<script type=\"application\/ld+json\" class=\"yoast-schema-graph\">{\"@context\":\"https:\/\/schema.org\",\"@graph\":[{\"@type\":\"Article\",\"@id\":\"https:\/\/habilitas.ca\/fr\/qita\/#article\",\"isPartOf\":{\"@id\":\"https:\/\/habilitas.ca\/fr\/qita\/\"},\"author\":{\"name\":\"Ryan Hayes\",\"@id\":\"https:\/\/habilitas.ca\/#\/schema\/person\/9bb497f43095887cc9dfc4fa873e3400\"},\"headline\":\"Qita\",\"datePublished\":\"2017-01-16T02:50:18+00:00\",\"dateModified\":\"2019-07-09T17:03:30+00:00\",\"mainEntityOfPage\":{\"@id\":\"https:\/\/habilitas.ca\/fr\/qita\/\"},\"wordCount\":1527,\"image\":{\"@id\":\"https:\/\/habilitas.ca\/fr\/qita\/#primaryimage\"},\"thumbnailUrl\":\"https:\/\/habilitas.ca\/wp-content\/uploads\/2019\/01\/Quita.jpg\",\"articleSection\":[\"Histoires de client\u00b7e\u00b7s\"],\"inLanguage\":\"fr-FR\"},{\"@type\":\"WebPage\",\"@id\":\"https:\/\/habilitas.ca\/fr\/qita\/\",\"url\":\"https:\/\/habilitas.ca\/fr\/qita\/\",\"name\":\"Qita - Fondation Habilitas Foundation\",\"isPartOf\":{\"@id\":\"https:\/\/habilitas.ca\/#website\"},\"primaryImageOfPage\":{\"@id\":\"https:\/\/habilitas.ca\/fr\/qita\/#primaryimage\"},\"image\":{\"@id\":\"https:\/\/habilitas.ca\/fr\/qita\/#primaryimage\"},\"thumbnailUrl\":\"https:\/\/habilitas.ca\/wp-content\/uploads\/2019\/01\/Quita.jpg\",\"datePublished\":\"2017-01-16T02:50:18+00:00\",\"dateModified\":\"2019-07-09T17:03:30+00:00\",\"author\":{\"@id\":\"https:\/\/habilitas.ca\/#\/schema\/person\/9bb497f43095887cc9dfc4fa873e3400\"},\"breadcrumb\":{\"@id\":\"https:\/\/habilitas.ca\/fr\/qita\/#breadcrumb\"},\"inLanguage\":\"fr-FR\",\"potentialAction\":[{\"@type\":\"ReadAction\",\"target\":[\"https:\/\/habilitas.ca\/fr\/qita\/\"]}]},{\"@type\":\"ImageObject\",\"inLanguage\":\"fr-FR\",\"@id\":\"https:\/\/habilitas.ca\/fr\/qita\/#primaryimage\",\"url\":\"https:\/\/habilitas.ca\/wp-content\/uploads\/2019\/01\/Quita.jpg\",\"contentUrl\":\"https:\/\/habilitas.ca\/wp-content\/uploads\/2019\/01\/Quita.jpg\",\"width\":800,\"height\":500},{\"@type\":\"BreadcrumbList\",\"@id\":\"https:\/\/habilitas.ca\/fr\/qita\/#breadcrumb\",\"itemListElement\":[{\"@type\":\"ListItem\",\"position\":1,\"name\":\"Home\",\"item\":\"https:\/\/habilitas.ca\/fr\/\"},{\"@type\":\"ListItem\",\"position\":2,\"name\":\"Qita\"}]},{\"@type\":\"WebSite\",\"@id\":\"https:\/\/habilitas.ca\/#website\",\"url\":\"https:\/\/habilitas.ca\/\",\"name\":\"Habilitas\",\"description\":\"\",\"potentialAction\":[{\"@type\":\"SearchAction\",\"target\":{\"@type\":\"EntryPoint\",\"urlTemplate\":\"https:\/\/habilitas.ca\/?s={search_term_string}\"},\"query-input\":{\"@type\":\"PropertyValueSpecification\",\"valueRequired\":true,\"valueName\":\"search_term_string\"}}],\"inLanguage\":\"fr-FR\"},{\"@type\":\"Person\",\"@id\":\"https:\/\/habilitas.ca\/#\/schema\/person\/9bb497f43095887cc9dfc4fa873e3400\",\"name\":\"Ryan Hayes\"}]}<\/script>\n<!-- \/ Yoast SEO plugin. -->","yoast_head_json":{"title":"Qita - Fondation Habilitas Foundation","robots":{"index":"index","follow":"follow","max-snippet":"max-snippet:-1","max-image-preview":"max-image-preview:large","max-video-preview":"max-video-preview:-1"},"canonical":"https:\/\/habilitas.ca\/fr\/qita\/","og_locale":"fr_FR","og_type":"article","og_title":"Qita - Fondation Habilitas Foundation","og_description":"Imaginez si tout endroit public et toute r\u00e9union familiale vous faisaient l\u2019effet d\u2019un mauvais concert rock. Si vous, ou une personne de votre entourage, perdiez soudainement l\u2019ou\u00efe et sentiez le monde se refermer autour de vous, vers qui vous tourneriez-vous ? Il y a dix ans, j\u2019ai soudainement commenc\u00e9 \u00e0 perdre mon audition de [&hellip;]","og_url":"https:\/\/habilitas.ca\/fr\/qita\/","og_site_name":"Fondation Habilitas Foundation","article_publisher":"https:\/\/www.facebook.com\/HABILITAS.fondation\/","article_published_time":"2017-01-16T02:50:18+00:00","article_modified_time":"2019-07-09T17:03:30+00:00","og_image":[{"width":800,"height":500,"url":"https:\/\/habilitas.ca\/wp-content\/uploads\/2019\/01\/Quita.jpg","type":"image\/jpeg"}],"author":"Ryan Hayes","twitter_card":"summary_large_image","twitter_misc":{"\u00c9crit par":"Ryan Hayes","Dur\u00e9e de lecture estim\u00e9e":"8 minutes"},"schema":{"@context":"https:\/\/schema.org","@graph":[{"@type":"Article","@id":"https:\/\/habilitas.ca\/fr\/qita\/#article","isPartOf":{"@id":"https:\/\/habilitas.ca\/fr\/qita\/"},"author":{"name":"Ryan Hayes","@id":"https:\/\/habilitas.ca\/#\/schema\/person\/9bb497f43095887cc9dfc4fa873e3400"},"headline":"Qita","datePublished":"2017-01-16T02:50:18+00:00","dateModified":"2019-07-09T17:03:30+00:00","mainEntityOfPage":{"@id":"https:\/\/habilitas.ca\/fr\/qita\/"},"wordCount":1527,"image":{"@id":"https:\/\/habilitas.ca\/fr\/qita\/#primaryimage"},"thumbnailUrl":"https:\/\/habilitas.ca\/wp-content\/uploads\/2019\/01\/Quita.jpg","articleSection":["Histoires de client\u00b7e\u00b7s"],"inLanguage":"fr-FR"},{"@type":"WebPage","@id":"https:\/\/habilitas.ca\/fr\/qita\/","url":"https:\/\/habilitas.ca\/fr\/qita\/","name":"Qita - Fondation Habilitas Foundation","isPartOf":{"@id":"https:\/\/habilitas.ca\/#website"},"primaryImageOfPage":{"@id":"https:\/\/habilitas.ca\/fr\/qita\/#primaryimage"},"image":{"@id":"https:\/\/habilitas.ca\/fr\/qita\/#primaryimage"},"thumbnailUrl":"https:\/\/habilitas.ca\/wp-content\/uploads\/2019\/01\/Quita.jpg","datePublished":"2017-01-16T02:50:18+00:00","dateModified":"2019-07-09T17:03:30+00:00","author":{"@id":"https:\/\/habilitas.ca\/#\/schema\/person\/9bb497f43095887cc9dfc4fa873e3400"},"breadcrumb":{"@id":"https:\/\/habilitas.ca\/fr\/qita\/#breadcrumb"},"inLanguage":"fr-FR","potentialAction":[{"@type":"ReadAction","target":["https:\/\/habilitas.ca\/fr\/qita\/"]}]},{"@type":"ImageObject","inLanguage":"fr-FR","@id":"https:\/\/habilitas.ca\/fr\/qita\/#primaryimage","url":"https:\/\/habilitas.ca\/wp-content\/uploads\/2019\/01\/Quita.jpg","contentUrl":"https:\/\/habilitas.ca\/wp-content\/uploads\/2019\/01\/Quita.jpg","width":800,"height":500},{"@type":"BreadcrumbList","@id":"https:\/\/habilitas.ca\/fr\/qita\/#breadcrumb","itemListElement":[{"@type":"ListItem","position":1,"name":"Home","item":"https:\/\/habilitas.ca\/fr\/"},{"@type":"ListItem","position":2,"name":"Qita"}]},{"@type":"WebSite","@id":"https:\/\/habilitas.ca\/#website","url":"https:\/\/habilitas.ca\/","name":"Habilitas","description":"","potentialAction":[{"@type":"SearchAction","target":{"@type":"EntryPoint","urlTemplate":"https:\/\/habilitas.ca\/?s={search_term_string}"},"query-input":{"@type":"PropertyValueSpecification","valueRequired":true,"valueName":"search_term_string"}}],"inLanguage":"fr-FR"},{"@type":"Person","@id":"https:\/\/habilitas.ca\/#\/schema\/person\/9bb497f43095887cc9dfc4fa873e3400","name":"Ryan Hayes"}]}},"_links":{"self":[{"href":"https:\/\/habilitas.ca\/fr\/wp-json\/wp\/v2\/posts\/1609","targetHints":{"allow":["GET"]}}],"collection":[{"href":"https:\/\/habilitas.ca\/fr\/wp-json\/wp\/v2\/posts"}],"about":[{"href":"https:\/\/habilitas.ca\/fr\/wp-json\/wp\/v2\/types\/post"}],"author":[{"embeddable":true,"href":"https:\/\/habilitas.ca\/fr\/wp-json\/wp\/v2\/users\/13"}],"replies":[{"embeddable":true,"href":"https:\/\/habilitas.ca\/fr\/wp-json\/wp\/v2\/comments?post=1609"}],"version-history":[{"count":5,"href":"https:\/\/habilitas.ca\/fr\/wp-json\/wp\/v2\/posts\/1609\/revisions"}],"predecessor-version":[{"id":3767,"href":"https:\/\/habilitas.ca\/fr\/wp-json\/wp\/v2\/posts\/1609\/revisions\/3767"}],"wp:featuredmedia":[{"embeddable":true,"href":"https:\/\/habilitas.ca\/fr\/wp-json\/wp\/v2\/media\/1610"}],"wp:attachment":[{"href":"https:\/\/habilitas.ca\/fr\/wp-json\/wp\/v2\/media?parent=1609"}],"wp:term":[{"taxonomy":"category","embeddable":true,"href":"https:\/\/habilitas.ca\/fr\/wp-json\/wp\/v2\/categories?post=1609"},{"taxonomy":"post_tag","embeddable":true,"href":"https:\/\/habilitas.ca\/fr\/wp-json\/wp\/v2\/tags?post=1609"}],"curies":[{"name":"wp","href":"https:\/\/api.w.org\/{rel}","templated":true}]}}