{"id":1607,"date":"2019-01-15T21:54:56","date_gmt":"2019-01-15T21:54:56","guid":{"rendered":"http:\/\/habilitas.ca\/bennett\/"},"modified":"2019-01-30T16:32:01","modified_gmt":"2019-01-30T16:32:01","slug":"bennett","status":"publish","type":"post","link":"https:\/\/habilitas.ca\/fr\/bennett\/","title":{"rendered":"Bennett"},"content":{"rendered":"<p>[et_pb_section bb_built=\u00a0\u00bb1&Prime; next_background_color=\u00a0\u00bbrgba(68,205,207,0.3)\u00a0\u00bb][et_pb_row][et_pb_column type=\u00a0\u00bb4_4&Prime;][et_pb_post_title _builder_version=\u00a0\u00bb3.19.9&Prime; meta=\u00a0\u00bboff\u00a0\u00bb featured_image=\u00a0\u00bboff\u00a0\u00bb text_orientation=\u00a0\u00bbcenter\u00a0\u00bb \/][\/et_pb_column][\/et_pb_row][et_pb_row][et_pb_column type=\u00a0\u00bb4_4&Prime;][et_pb_text _builder_version=\u00a0\u00bb3.19.9&Prime;]<\/p>\n<p>Avant d&rsquo;entrer au Centre MAB-Mackay pour la premi\u00e8re fois, je ne savais pas grand-chose \u00e0 son sujet. Je savais qu&rsquo;on y offrait des services pour enfants handicap\u00e9s, mais sans plus. Il n\u2019a suffi que de la premi\u00e8re visite pour r\u00e9aliser qu\u2019\u00e0 l\u2019int\u00e9rieur il s\u2019y passait quelque chose d\u2019extraordinaire.<\/p>\n<p>Notre fils Bennett a \u00e9t\u00e9 diagnostiqu\u00e9 d\u2019une infirmit\u00e9 motrice c\u00e9r\u00e9brale \u00e0 l\u2019\u00e2ge de six mois. Bien que j\u2019aie souffert d&rsquo;un grave traumatisme \u00e0 la suite d\u2019un \u00e9v\u00e9nement survenu pendant ma grossesse, personne ne nous avait pr\u00e9venus que cela pouvait comporter des risques importants pour la sant\u00e9 de notre fils. Nous avions commenc\u00e9 \u00e0 remarquer des signes chez Bennett qui ne ressemblait pas tout \u00e0 fait \u00e0 ce que nous avions observ\u00e9 avec ses deux ain\u00e9s, Charlie (3 ans plus \u00e2g\u00e9) et Roxy (2 ans plus \u00e2g\u00e9e). Les deux pouvaient d\u00e9j\u00e0 se tenir en position assise vers l&rsquo;\u00e2ge de quatre mois. Lorsque j\u2019essayais de montrer \u00e0 Bennett \u00e0 s\u2019asseoir, je n\u2019arrivais pas \u00e0 d\u00e9plier ses jambes correctement. Lorsque je le faisais tenir debout, il se crispait d\u00e8s que ses pieds touchaient quelque chose de solide.<\/p>\n<p>M\u00eame si tout \u00e7a me donnait des sons de cloche, mon c\u0153ur de m\u00e8re essayait de trouver des excuses pour expliquer pourquoi il avait du retard et \u00e9tait si diff\u00e9rent de ses deux ain\u00e9s.<\/p>\n<p>Le plus difficile c\u2019est d\u2019abord d&rsquo;admettre que quelque chose ne va pas avec son enfant. Le nombre des choses qui n\u2019allaient pas est vite devenu trop grand pour \u00eatre ignor\u00e9. Bennett ne jouait pas avec ses pieds, ne m\u00e2chait pas sa d\u00e9barbouillette dans la baignoire, il n&rsquo;a d\u2019ailleurs jamais rien mis dans sa bouche, il n\u2019a jamais essay\u00e9 de prendre un jouet, et il a continu\u00e9 \u00e0 avoir ce que nous pensions \u00eatre le r\u00e9flexe de Moro (quand l&rsquo;enfant a la sensation de tomber et semble surpris en ouvrant grand les bras) bien au-del\u00e0 du stade du nouveau-n\u00e9.<\/p>\n<p>Apr\u00e8s nous avoir envoy\u00e9 faire EEG pour \u00e9liminer les possibilit\u00e9s d\u2019\u00e9pilepsie, le diagnostic est tomb\u00e9 et notre monde a bascul\u00e9 pour toujours. Inutile de pr\u00e9ciser que ce fut un choc \u00e9norme pour notre famille. N\u2019ayant jamais eu de r\u00e9el contact avec un enfant handicap\u00e9, nous \u00e9tions compl\u00e8tement perdus et ne savions pas du tout \u00e0 quoi nous attendre. Nous avons appris que la rigidit\u00e9 qui survient lorsque ses pieds touchent quelque chose de solide \u00e9tait due \u00e0 la paralysie c\u00e9r\u00e9brale spastique et que ce que nous pensions \u00eatre le r\u00e9flexe de Moro \u00e9tait en fait un deuxi\u00e8me type de paralysie c\u00e9r\u00e9brale appel\u00e9e dyskin\u00e9sie (plus sp\u00e9cifiquement, ath\u00e9tose) caract\u00e9ris\u00e9e par des mouvements incontr\u00f4l\u00e9s et involontaires. Nous avons commenc\u00e9 les s\u00e9ances priv\u00e9es de physioth\u00e9rapie la semaine suivante, et avons finalement abouti au Centre de r\u00e9adaptation MAB-Mackay.<\/p>\n<p>Bennett avait 18 mois quand nous sommes all\u00e9s au MAB-Mackay avec lui. Lorsqu\u2019on nous a emmen\u00e9s dans la salle d&rsquo;\u00e9valuation, c\u2019est l\u00e0 que je me suis rendu compte que c\u2019\u00e9tait beaucoup plus qu\u2019un centre de th\u00e9rapie comme les autres. On nous a pr\u00e9sent\u00e9 un physioth\u00e9rapeute, un ergoth\u00e9rapeute, un orthophoniste et un travailleur social. Je n\u2019arrivais pas \u00e0 y croire, ils \u00e9taient tous l\u00e0 pour lui. Ce que je ne savais pas non plus, c\u2019est qu\u2019ils \u00e9taient aussi tous l\u00e0 pour moi.<\/p>\n<p>Bienveillants, c\u2019est le premier mot qui me vient \u00e0 l&rsquo;esprit quand je pense au Centre de r\u00e9adaptation MAB-Mackay. L\u2019\u00e9quipe incroyablement d\u00e9vou\u00e9e de Bennett a \u00e9t\u00e9 une bou\u00e9e de sauvetage pour nous qui naviguions en eaux troubles. Non seulement l\u2019aident-ils \u00e0 atteindre ses objectifs, ils nous aident \u00e9galement \u00e0 lui offrir une vie la plus normale possible. Ce sont les premi\u00e8res personnes vers qui je me tourne, que ce soit pour des conseils au sujet d&rsquo;une d\u00e9cision concernant Bennett, ou simplement pour avoir une oreille empathique lorsque je m\u2019inqui\u00e8te \u00e0 propos de lui. Je vais chaque fois vers eux sans h\u00e9siter, parce que je sais qu&rsquo;ils comprendront. Ils comprennent nos peurs et nos pr\u00e9occupations mieux que quiconque dans nos vies et c\u2019est, pour moi, l&rsquo;un des services les plus importants qu&rsquo;ils offrent.<\/p>\n<p>[\/et_pb_text][\/et_pb_column][\/et_pb_row][et_pb_row _builder_version=\u00a0\u00bb3.19.9&Prime; make_equal=\u00a0\u00bbon\u00a0\u00bb module_class_1=\u00a0\u00bbds-vertical-align\u00a0\u00bb module_class_2=\u00a0\u00bbds-vertical-align\u00a0\u00bb][et_pb_column type=\u00a0\u00bb1_2&Prime;][et_pb_text _builder_version=\u00a0\u00bb3.19.9&Prime; quote_font=\u00a0\u00bb||on||||||\u00a0\u00bb quote_text_align=\u00a0\u00bbcenter\u00a0\u00bb quote_font_size=\u00a0\u00bb22px\u00a0\u00bb]<\/p>\n<blockquote>\n<p><strong>J\u2019ai \u00e9t\u00e9 ravie lorsque cette ann\u00e9e on nous a invit\u00e9s \u00e0 participer au programme de musicoth\u00e9rapie. Bennett aime la musique, la musique de tout genre. Comme pour tous les enfants de quatre ans, les jouets qui font du bruit sont ses pr\u00e9f\u00e9r\u00e9s, alors que dire d\u2019une classe consacr\u00e9e \u00e0 faire du bruit ? Il n\u2019y a rien de mieux. Ces classes lui ont donn\u00e9 l\u2019occasion d&rsquo;interagir avec d&rsquo;autres enfants tout en s\u2019amusant<\/strong>.<\/p>\n<\/blockquote>\n<p>[\/et_pb_text][\/et_pb_column][et_pb_column type=\u00a0\u00bb1_2&Prime;][et_pb_image _builder_version=\u00a0\u00bb3.19.9&Prime; src=\u00a0\u00bbhttp:\/\/habilitas.ca\/wp-content\/uploads\/2019\/01\/Stocks-and-Securities.jpg\u00a0\u00bb \/][\/et_pb_column][\/et_pb_row][et_pb_row][et_pb_column type=\u00a0\u00bb4_4&Prime;][et_pb_text _builder_version=\u00a0\u00bb3.19.9&Prime;]<\/p>\n<p>Tenter d\u2019offrir \u00e0 Bennett une vie aussi normale que possible est tr\u00e8s important pour mon mari et moi. Quand nos deux ain\u00e9s \u00e9taient plus jeunes, je les amenais au terrain de jeux, mais je ne pouvais pas faire la m\u00eame chose avec lui. Au lieu de cela, j\u2019ai pu l\u2019emmener cette ann\u00e9e \u00e0 des s\u00e9ances d&rsquo;hydroth\u00e9rapie. Bennett est un enfant tr\u00e8s sociable et il adore \u00eatre entour\u00e9 d&rsquo;autres enfants lors de ces activit\u00e9s. C\u2019est un petit gar\u00e7on qui aime rire, observer, et adore \u00eatre au milieu de l\u2019action. Les s\u00e9ances d&rsquo;hydroth\u00e9rapie lui permettent de passer une heure par semaine o\u00f9 il est compl\u00e8tement d\u00e9tendu. Je voudrais pouvoir lui offrir ce moment chaque jour. D\u00e8s qu\u2019il entre dans l&rsquo;eau, toutes ses tensions se rel\u00e2chent et il peut se d\u00e9tendre compl\u00e8tement. Il serait parfaitement heureux s\u2019il pouvait flotter l\u00e0 tout le temps. Au lieu de cela, il y re\u00e7oit une version plus d\u00e9tendue de ses s\u00e9ances de physioth\u00e9rapie et d&rsquo;ergoth\u00e9rapie. L&rsquo;eau facilite les t\u00e2ches que nous lui demandons de faire, car il a moins tendance \u00e0 pousser ou se raidir quand il est dans la piscine. Lorsque son corps ne se bat pas contre lui, tout devient un peu plus facile.<\/p>\n<p>Apprendre qu&rsquo;il \u00e9tait peu probable que Bennett puisse parler un jour a \u00e9t\u00e9 pour moi une r\u00e9alisation d\u00e9vastatrice. Le v\u00e9ritable soutien et la compr\u00e9hension que j\u2019ai re\u00e7us (et continue de recevoir) de la part de notre \u00e9quipe extraordinaire ont \u00e9t\u00e9 pour moi tr\u00e8s pr\u00e9cieux. En raison de son besoin de moyens de communication alternatifs, on lui a fait faire des progr\u00e8s \u00e9tonnants gr\u00e2ce au Techno Fun Lab, o\u00f9 il apprend \u00e0 utiliser des commutateurs attach\u00e9s \u00e0 son appui-t\u00eate, pour jouer \u00e0 des jeux informatiques qui lui permettent de d\u00e9velopper des aptitudes qui l\u2019aideront \u00e9ventuellement \u00e0 se servir d&rsquo;un Dynavox pour communiquer. Il utilise actuellement des jeux qui lui apprennent \u00e0 scanner et s\u00e9lectionnez et c\u2019est ce qu&rsquo;il devra savoir faire pour apprendre \u00e0 utiliser le Dynavox. Son jeu pr\u00e9f\u00e9r\u00e9 consiste en une grue et un gros camion qui doit \u00eatre charg\u00e9 avec une bo\u00eete. Le camion se d\u00e9place d\u2019un endroit \u00e0 l\u2019autre et chaque fois, Bennett doit d\u00e9placer la grue pour que la bo\u00eete soit align\u00e9e avec le camion puis la d\u00e9poser, ensuite il peut voir le camion repartir s\u2019il a fait la t\u00e2che correctement. Il utilise un commutateur pour d\u00e9placer la bo\u00eete (il doit en gros faire un balayage \u00e0 l&rsquo;\u00e9cran jusqu&rsquo;\u00e0 ce qu&rsquo;il trouve ce qu&rsquo;il cherche, par exemple l&#8217;emplacement du camion) puis utilise son autre interrupteur pour le d\u00e9poser sur le camion (s\u00e9lection de l&rsquo;\u00e9l\u00e9ment ou de la position requise.)<\/p>\n<p>Ce processus de num\u00e9risation et de s\u00e9lection est encore simplifi\u00e9 par l\u2019utilisation du oui et du non, ce qui est la fa\u00e7on dont il communique actuellement avec nous. Dans le cas de Bennett, on lui a enseign\u00e9 que le c\u00f4t\u00e9 gauche signifie non et le c\u00f4t\u00e9 droit signifie oui. Il est capable de r\u00e9pondre aux questions qu\u2019on lui pose, ou pos\u00e9es par quelqu&rsquo;un d&rsquo;autre en regardant vers la droite ou la gauche. J\u2019\u00e9tais fascin\u00e9e quand il a commenc\u00e9 \u00e0 apprendre cela et ne pouvais pas croire \u00e0 quelle vitesse il apprenait. Son orthophoniste a commenc\u00e9 \u00e0 lui enseigner le concept de \u00aboui\u00bb et \u00abnon\u00bb en avril 2014, et d\u00e8s le mois d\u2019ao\u00fbt, il n\u2019avait plus besoin d\u2019utiliser les images sur le plateau de sa chaise. J\u2019ai demand\u00e9 \u00e0 la fille d\u2019une amie de lui faire un bracelet jaune et un bracelet rouge pour qu\u2019il les porte sur ses poignets afin que tous ceux qui lui parlent, puissent comprendre sa r\u00e9ponse. Le travail accompli gr\u00e2ce \u00e0 l\u2019orthophonie a \u00e9t\u00e9 un facteur de progr\u00e8s marquant pour nous. C\u2019est ce qui a donn\u00e9 \u00e0 Bennett un sentiment de puissance qu&rsquo;il n\u2019avait pas auparavant. Il est maintenant en mesure de faire des choix et, surtout, de nous les communiquer.<\/p>\n<p>Chaque jour, je suis \u00e9tonn\u00e9 par ce qu&rsquo;il sait faire. C\u2019est incroyable de le voir jouer \u00e0 des jeux comme n\u2019importe quel autre enfant de quatre ans. La fiert\u00e9 qu&rsquo;il affiche quand il a r\u00e9ussi \u00e0 accomplir une t\u00e2che, c\u2019est tout ce qui compte pour nous. C\u2019est tout aussi amusant de le regarder faire les mauvais choix par expr\u00e8s, tout en me regardant l\u2019air moqueur en riant, sachant exactement ce qu&rsquo;il a fait. Il a vraiment le meilleur rire que je connaisse, \u00e7a semble venir du plus profond de son ventre et s\u2019emparer de tout son corps. Il a ce pouvoir de faire dispara\u00eetre toutes les mauvaises humeurs ou la tristesse en un seul instant.<\/p>\n<p>Il n\u2019y a pas de mots pour vous dire \u00e0 quel point le MAB-Mackay compte pour nous et notre famille. C\u2019est devenu un lieu o\u00f9 Bennett peut se sentir comme un enfant normal, profiter de la vie comme tout autre petit gar\u00e7on (aussi longtemps que je vivrai, jamais je n\u2019oublierai la joie qui se lisait sur son visage quand il a conduit un fauteuil roulant motoris\u00e9 avec des commutateurs pour la premi\u00e8re fois ! Ses ain\u00e9s \u00e9taient jaloux de ne pas pouvoir aussi en essayer un.) Il faut des gens extraordinaires pour travailler avec ces enfants et le Centre de r\u00e9adaptation MAB-Mackay, de loin, regroupe les meilleurs d\u2019entre eux.<\/p>\n<p>Emily<br \/>La tr\u00e8s fi\u00e8re maman de Bennett<\/p>\n<p>[\/et_pb_text][et_pb_button admin_label=\u00a0\u00bbAutres histoires\u00a0\u00bb _builder_version=\u00a0\u00bb3.19.10&Prime; button_text=\u00a0\u00bbAutres histoires\u00a0\u00bb button_url=\u00a0\u00bbhttps:\/\/habilitas.ca\/fr\/nos-histoires\/\u00a0\u00bb button_alignment=\u00a0\u00bbleft\u00a0\u00bb \/][\/et_pb_column][\/et_pb_row][\/et_pb_section][et_pb_section bb_built=\u00a0\u00bb1&Prime; _builder_version=\u00a0\u00bb3.19.9&Prime; background_color=\u00a0\u00bbrgba(68,205,207,0.3)\u00a0\u00bb prev_background_color=\u00a0\u00bb#ffffff\u00a0\u00bb custom_margin=\u00a0\u00bb||0px|\u00a0\u00bb custom_padding=\u00a0\u00bb||0px|\u00a0\u00bb global_module=\u00a0\u00bb1795&Prime;][et_pb_row global_parent=\u00a0\u00bb1795&Prime; _builder_version=\u00a0\u00bb3.0.48&Prime; background_size=\u00a0\u00bbinitial\u00a0\u00bb background_position=\u00a0\u00bbtop_left\u00a0\u00bb background_repeat=\u00a0\u00bbrepeat\u00a0\u00bb][et_pb_column type=\u00a0\u00bb1_4&Prime;][et_pb_signup admin_label=\u00a0\u00bbEmail Option\u00a0\u00bb global_parent=\u00a0\u00bb1795&Prime; activecampaign_list=\u00a0\u00bb|none\u00a0\u00bb aweber_list=\u00a0\u00bb|none\u00a0\u00bb campaign_monitor_list=\u00a0\u00bb|none\u00a0\u00bb constant_contact_list=\u00a0\u00bbHABILITAS Website|1116831926&Prime; convertkit_list=\u00a0\u00bb|none\u00a0\u00bb emma_list=\u00a0\u00bb|none\u00a0\u00bb feedblitz_list=\u00a0\u00bb|none\u00a0\u00bb getresponse_list=\u00a0\u00bb|none\u00a0\u00bb hubspot_list=\u00a0\u00bb|none\u00a0\u00bb icontact_list=\u00a0\u00bb|none\u00a0\u00bb infusionsoft_list=\u00a0\u00bb|none\u00a0\u00bb madmimi_list=\u00a0\u00bb|none\u00a0\u00bb mailchimp_list=\u00a0\u00bb|none\u00a0\u00bb mailerlite_list=\u00a0\u00bb|none\u00a0\u00bb mailpoet_list=\u00a0\u00bb|none\u00a0\u00bb mailster_list=\u00a0\u00bb|none\u00a0\u00bb ontraport_list=\u00a0\u00bb|none\u00a0\u00bb salesforce_list=\u00a0\u00bb|none\u00a0\u00bb sendinblue_list=\u00a0\u00bb|none\u00a0\u00bb first_name_field=\u00a0\u00bboff\u00a0\u00bb last_name_field=\u00a0\u00bboff\u00a0\u00bb title=\u00a0\u00bbInscrivez-vous \u00e0 notre infolettre\u00a0\u00bb _builder_version=\u00a0\u00bb3.19.9&Prime; header_font=\u00a0\u00bb|600|||||||\u00a0\u00bb header_text_color=\u00a0\u00bb#313175&Prime; header_font_size=\u00a0\u00bb18&Prime; use_background_color=\u00a0\u00bboff\u00a0\u00bb border_radii_fields=\u00a0\u00bbon|50px|50px|50px|50px\u00a0\u00bb background_layout=\u00a0\u00bblight\u00a0\u00bb provider=\u00a0\u00bbconstant_contact\u00a0\u00bb button_text=\u00a0\u00bbS\u2019abonner\u00a0\u00bb \/][\/et_pb_column][et_pb_column type=\u00a0\u00bb1_4&Prime;][et_pb_text global_parent=\u00a0\u00bb1795&Prime; _builder_version=\u00a0\u00bb3.19.10&Prime; text_font_size=\u00a0\u00bb14px\u00a0\u00bb header_4_font=\u00a0\u00bb|600|||||||\u00a0\u00bb]<\/p>\n<h4>Foundation<\/h4>\n<p><a href=\"https:\/\/habilitas.ca\/fr\/nos-histoires\/\">Nos histoires<\/a><br \/><a href=\"https:\/\/habilitas.ca\/fr\/evenements\/\">\u00c9v\u00e9nements<\/a><br \/><a href=\"https:\/\/habilitas.ca\/fr\/supports-habilitas\/\">Supports HABILITAS<\/a><br \/><a href=\"https:\/\/habilitas.ca\/fr\/qui-sommes-nous\/notre-equipe\/\">Notre \u00e9quipe<\/a><br \/><a href=\"https:\/\/habilitas.ca\/fr\/qui-sommes-nous\/communiquez-avec-nous\/\">Communiquez avec nous<\/a><\/p>\n<p>[\/et_pb_text][\/et_pb_column][et_pb_column type=\u00a0\u00bb1_4&Prime;][et_pb_text global_parent=\u00a0\u00bb1795&Prime; _builder_version=\u00a0\u00bb3.19.10&Prime; text_font_size=\u00a0\u00bb14px\u00a0\u00bb header_4_font=\u00a0\u00bb|600|||||||\u00a0\u00bb]<\/p>\n<h4>Faire un don<\/h4>\n<p><a href=\"https:\/\/habilitas.ca\/fr\/don-en-ligne\/\">Don en ligne<\/a><br \/>\n<a href=\"https:\/\/habilitas.ca\/fr\/facons-de-faire-un-don\/\">Fa\u00e7ons de faire un don<\/a><br \/>\n<a href=\"https:\/\/habilitas.ca\/fr\/impliquez-vous\/\">Impliquez-vous<\/a><\/p>\n<p>[\/et_pb_text][\/et_pb_column][et_pb_column type=\u00a0\u00bb1_4&Prime;][et_pb_image global_parent=\u00a0\u00bb1795&Prime; _builder_version=\u00a0\u00bb3.19.9&Prime; src=\u00a0\u00bbhttp:\/\/habilitas.ca\/wp-content\/uploads\/2019\/01\/Habilitas-Logo-Icon-H-Bil-Dark-RGB.png\u00a0\u00bb url=\u00a0\u00bbhttp:\/\/habilitas.ca\/fr\/\u00a0\u00bb \/][et_pb_social_media_follow global_parent=\u00a0\u00bb1795&Prime; _builder_version=\u00a0\u00bb3.19.10&Prime; text_orientation=\u00a0\u00bbleft\u00a0\u00bb border_radii=\u00a0\u00bbon|50px|50px|50px|50px\u00a0\u00bb disabled=\u00a0\u00bbon\u00a0\u00bb disabled_on=\u00a0\u00bbon|on|on\u00a0\u00bb][et_pb_social_media_follow_network _builder_version=\u00a0\u00bb3.19.9&Prime; social_network=\u00a0\u00bbfacebook\u00a0\u00bb skype_action=\u00a0\u00bbcall\u00a0\u00bb url=\u00a0\u00bb#\u00a0\u00bb background_color=\u00a0\u00bb#313175&Prime; use_background_color_gradient=\u00a0\u00bboff\u00a0\u00bb background_color_gradient_start=\u00a0\u00bb#2b87da\u00a0\u00bb background_color_gradient_end=\u00a0\u00bb#29c4a9&Prime; background_color_gradient_type=\u00a0\u00bblinear\u00a0\u00bb background_color_gradient_direction=\u00a0\u00bb180deg\u00a0\u00bb background_color_gradient_direction_radial=\u00a0\u00bbcenter\u00a0\u00bb background_color_gradient_start_position=\u00a0\u00bb0%\u00a0\u00bb background_color_gradient_end_position=\u00a0\u00bb100%\u00a0\u00bb background_color_gradient_overlays_image=\u00a0\u00bboff\u00a0\u00bb parallax=\u00a0\u00bboff\u00a0\u00bb parallax_method=\u00a0\u00bbon\u00a0\u00bb background_size=\u00a0\u00bbcover\u00a0\u00bb background_position=\u00a0\u00bbcenter\u00a0\u00bb background_repeat=\u00a0\u00bbno-repeat\u00a0\u00bb background_blend=\u00a0\u00bbnormal\u00a0\u00bb allow_player_pause=\u00a0\u00bboff\u00a0\u00bb background_video_pause_outside_viewport=\u00a0\u00bbon\u00a0\u00bb box_shadow_style=\u00a0\u00bbnone\u00a0\u00bb hover_transition_duration=\u00a0\u00bb300ms\u00a0\u00bb hover_transition_delay=\u00a0\u00bb0ms\u00a0\u00bb hover_transition_speed_curve=\u00a0\u00bbease\u00a0\u00bb border_radii=\u00a0\u00bbon|3px|3px|3px|3px\u00a0\u00bb]<\/p>\n<p>Facebook<\/p>\n<p>[\/et_pb_social_media_follow_network][et_pb_social_media_follow_network _builder_version=\u00a0\u00bb3.19.9&Prime; social_network=\u00a0\u00bblinkedin\u00a0\u00bb skype_action=\u00a0\u00bbcall\u00a0\u00bb url=\u00a0\u00bb#\u00a0\u00bb background_color=\u00a0\u00bb#00ab89&Prime; use_background_color_gradient=\u00a0\u00bboff\u00a0\u00bb background_color_gradient_start=\u00a0\u00bb#2b87da\u00a0\u00bb background_color_gradient_end=\u00a0\u00bb#29c4a9&Prime; background_color_gradient_type=\u00a0\u00bblinear\u00a0\u00bb background_color_gradient_direction=\u00a0\u00bb180deg\u00a0\u00bb background_color_gradient_direction_radial=\u00a0\u00bbcenter\u00a0\u00bb background_color_gradient_start_position=\u00a0\u00bb0%\u00a0\u00bb background_color_gradient_end_position=\u00a0\u00bb100%\u00a0\u00bb background_color_gradient_overlays_image=\u00a0\u00bboff\u00a0\u00bb parallax=\u00a0\u00bboff\u00a0\u00bb parallax_method=\u00a0\u00bbon\u00a0\u00bb background_size=\u00a0\u00bbcover\u00a0\u00bb background_position=\u00a0\u00bbcenter\u00a0\u00bb background_repeat=\u00a0\u00bbno-repeat\u00a0\u00bb background_blend=\u00a0\u00bbnormal\u00a0\u00bb allow_player_pause=\u00a0\u00bboff\u00a0\u00bb background_video_pause_outside_viewport=\u00a0\u00bbon\u00a0\u00bb box_shadow_style=\u00a0\u00bbnone\u00a0\u00bb hover_transition_duration=\u00a0\u00bb300ms\u00a0\u00bb hover_transition_delay=\u00a0\u00bb0ms\u00a0\u00bb hover_transition_speed_curve=\u00a0\u00bbease\u00a0\u00bb border_radii=\u00a0\u00bbon|3px|3px|3px|3px\u00a0\u00bb]<\/p>\n<p>LinkedIn<\/p>\n<p>[\/et_pb_social_media_follow_network][et_pb_social_media_follow_network _builder_version=\u00a0\u00bb3.19.9&Prime; social_network=\u00a0\u00bbinstagram\u00a0\u00bb skype_action=\u00a0\u00bbcall\u00a0\u00bb url=\u00a0\u00bb#\u00a0\u00bb use_background_color_gradient=\u00a0\u00bboff\u00a0\u00bb background_color_gradient_start=\u00a0\u00bb#2b87da\u00a0\u00bb background_color_gradient_end=\u00a0\u00bb#29c4a9&Prime; background_color_gradient_type=\u00a0\u00bblinear\u00a0\u00bb background_color_gradient_direction=\u00a0\u00bb180deg\u00a0\u00bb background_color_gradient_direction_radial=\u00a0\u00bbcenter\u00a0\u00bb background_color_gradient_start_position=\u00a0\u00bb0%\u00a0\u00bb background_color_gradient_end_position=\u00a0\u00bb100%\u00a0\u00bb background_color_gradient_overlays_image=\u00a0\u00bboff\u00a0\u00bb parallax=\u00a0\u00bboff\u00a0\u00bb parallax_method=\u00a0\u00bbon\u00a0\u00bb background_size=\u00a0\u00bbcover\u00a0\u00bb background_position=\u00a0\u00bbcenter\u00a0\u00bb background_repeat=\u00a0\u00bbno-repeat\u00a0\u00bb background_blend=\u00a0\u00bbnormal\u00a0\u00bb allow_player_pause=\u00a0\u00bboff\u00a0\u00bb background_video_pause_outside_viewport=\u00a0\u00bbon\u00a0\u00bb box_shadow_style=\u00a0\u00bbnone\u00a0\u00bb hover_transition_duration=\u00a0\u00bb300ms\u00a0\u00bb hover_transition_delay=\u00a0\u00bb0ms\u00a0\u00bb hover_transition_speed_curve=\u00a0\u00bbease\u00a0\u00bb background_color=\u00a0\u00bb#e7507b\u00a0\u00bb border_radii=\u00a0\u00bbon|3px|3px|3px|3px\u00a0\u00bb]<\/p>\n<p>Instagram<\/p>\n<p>[\/et_pb_social_media_follow_network][\/et_pb_social_media_follow][\/et_pb_column][\/et_pb_row][et_pb_row global_parent=\u00a0\u00bb1795&Prime; _builder_version=\u00a0\u00bb3.19.9&Prime; custom_margin=\u00a0\u00bb||0px|\u00a0\u00bb custom_padding=\u00a0\u00bb||0px|\u00a0\u00bb][et_pb_column type=\u00a0\u00bb1_3&Prime;][\/et_pb_column][et_pb_column type=\u00a0\u00bb1_3&Prime;][et_pb_text global_parent=\u00a0\u00bb1795&Prime; _builder_version=\u00a0\u00bb3.19.9&Prime; link_font_size=\u00a0\u00bb12px\u00a0\u00bb custom_padding=\u00a0\u00bb0px||0px|\u00a0\u00bb link_text_align=\u00a0\u00bbcenter\u00a0\u00bb custom_margin=\u00a0\u00bb||0px|\u00a0\u00bb text_orientation=\u00a0\u00bbcenter\u00a0\u00bb]<\/p>\n<p><span style=\"color: #ffffff;\"><a style=\"color: #ffffff;\" href=\"https:\/\/sparrowstrategy.com\/\" target=\"_blank\" rel=\"noopener\">Web Design Sparrow Digital<\/a><\/span><\/p>\n<p>[\/et_pb_text][\/et_pb_column][et_pb_column type=\u00a0\u00bb1_3&Prime;][\/et_pb_column][\/et_pb_row][\/et_pb_section]<\/p>\n","protected":false},"excerpt":{"rendered":"<p><div class=\"et_pb_row et_pb_row_0 et_pb_row_empty\">\n\t\t\t\t\n\t\t\t\t\n\t\t\t\t\n\t\t\t\t\n\t\t\t\t\n\t\t\t<\/div><div class=\"et_pb_row et_pb_row_1 et_pb_row_empty\">\n\t\t\t\t\n\t\t\t\t\n\t\t\t\t\n\t\t\t\t\n\t\t\t\t\n\t\t\t<\/div> Avant d&rsquo;entrer au Centre MAB-Mackay pour la premi\u00e8re fois, je ne savais pas grand-chose \u00e0 son sujet. Je savais qu&rsquo;on y offrait des services pour enfants handicap\u00e9s, mais sans plus. Il n\u2019a suffi que de la premi\u00e8re visite pour r\u00e9aliser qu\u2019\u00e0 l\u2019int\u00e9rieur il s\u2019y passait quelque chose d\u2019extraordinaire. Notre fils Bennett a \u00e9t\u00e9 diagnostiqu\u00e9 [&hellip;]<\/p>\n","protected":false},"author":13,"featured_media":1608,"comment_status":"closed","ping_status":"open","sticky":false,"template":"","format":"standard","meta":{"_et_pb_use_builder":"on","_et_pb_old_content":"","_et_gb_content_width":"","_monsterinsights_skip_tracking":false,"_monsterinsights_sitenote_active":false,"_monsterinsights_sitenote_note":"","_monsterinsights_sitenote_category":0,"footnotes":""},"categories":[26],"tags":[],"class_list":["post-1607","post","type-post","status-publish","format-standard","has-post-thumbnail","hentry","category-histoires-de-clientes"],"yoast_head":"<!-- This site is optimized with the Yoast SEO plugin v27.1.1 - https:\/\/yoast.com\/product\/yoast-seo-wordpress\/ -->\n<title>Bennett - Fondation Habilitas Foundation<\/title>\n<meta name=\"robots\" content=\"index, follow, max-snippet:-1, max-image-preview:large, max-video-preview:-1\" \/>\n<link rel=\"canonical\" href=\"https:\/\/habilitas.ca\/fr\/bennett\/\" \/>\n<meta property=\"og:locale\" content=\"fr_FR\" \/>\n<meta property=\"og:type\" content=\"article\" \/>\n<meta property=\"og:title\" content=\"Bennett - Fondation Habilitas Foundation\" \/>\n<meta property=\"og:description\" content=\"Avant d&#039;entrer au Centre MAB-Mackay pour la premi\u00e8re fois, je ne savais pas grand-chose \u00e0 son sujet. Je savais qu&#039;on y offrait des services pour enfants handicap\u00e9s, mais sans plus. Il n\u2019a suffi que de la premi\u00e8re visite pour r\u00e9aliser qu\u2019\u00e0 l\u2019int\u00e9rieur il s\u2019y passait quelque chose d\u2019extraordinaire. Notre fils Bennett a \u00e9t\u00e9 diagnostiqu\u00e9 [&hellip;]\" \/>\n<meta property=\"og:url\" content=\"https:\/\/habilitas.ca\/fr\/bennett\/\" \/>\n<meta property=\"og:site_name\" content=\"Fondation Habilitas Foundation\" \/>\n<meta property=\"article:publisher\" content=\"https:\/\/www.facebook.com\/HABILITAS.fondation\/\" \/>\n<meta property=\"article:published_time\" content=\"2019-01-15T21:54:56+00:00\" \/>\n<meta property=\"article:modified_time\" content=\"2019-01-30T16:32:01+00:00\" \/>\n<meta property=\"og:image\" content=\"https:\/\/habilitas.ca\/wp-content\/uploads\/2019\/01\/Bennett.jpg\" \/>\n\t<meta property=\"og:image:width\" content=\"800\" \/>\n\t<meta property=\"og:image:height\" content=\"500\" \/>\n\t<meta property=\"og:image:type\" content=\"image\/jpeg\" \/>\n<meta name=\"author\" content=\"Ryan Hayes\" \/>\n<meta name=\"twitter:card\" content=\"summary_large_image\" \/>\n<meta name=\"twitter:label1\" content=\"\u00c9crit par\" \/>\n\t<meta name=\"twitter:data1\" content=\"Ryan Hayes\" \/>\n\t<meta name=\"twitter:label2\" content=\"Dur\u00e9e de lecture estim\u00e9e\" \/>\n\t<meta name=\"twitter:data2\" content=\"13 minutes\" \/>\n<script type=\"application\/ld+json\" class=\"yoast-schema-graph\">{\"@context\":\"https:\/\/schema.org\",\"@graph\":[{\"@type\":\"Article\",\"@id\":\"https:\/\/habilitas.ca\/fr\/bennett\/#article\",\"isPartOf\":{\"@id\":\"https:\/\/habilitas.ca\/fr\/bennett\/\"},\"author\":{\"name\":\"Ryan Hayes\",\"@id\":\"https:\/\/habilitas.ca\/#\/schema\/person\/9bb497f43095887cc9dfc4fa873e3400\"},\"headline\":\"Bennett\",\"datePublished\":\"2019-01-15T21:54:56+00:00\",\"dateModified\":\"2019-01-30T16:32:01+00:00\",\"mainEntityOfPage\":{\"@id\":\"https:\/\/habilitas.ca\/fr\/bennett\/\"},\"wordCount\":2673,\"image\":{\"@id\":\"https:\/\/habilitas.ca\/fr\/bennett\/#primaryimage\"},\"thumbnailUrl\":\"https:\/\/habilitas.ca\/wp-content\/uploads\/2019\/01\/Bennett.jpg\",\"articleSection\":[\"Histoires de client\u00b7e\u00b7s\"],\"inLanguage\":\"fr-FR\"},{\"@type\":\"WebPage\",\"@id\":\"https:\/\/habilitas.ca\/fr\/bennett\/\",\"url\":\"https:\/\/habilitas.ca\/fr\/bennett\/\",\"name\":\"Bennett - Fondation Habilitas Foundation\",\"isPartOf\":{\"@id\":\"https:\/\/habilitas.ca\/#website\"},\"primaryImageOfPage\":{\"@id\":\"https:\/\/habilitas.ca\/fr\/bennett\/#primaryimage\"},\"image\":{\"@id\":\"https:\/\/habilitas.ca\/fr\/bennett\/#primaryimage\"},\"thumbnailUrl\":\"https:\/\/habilitas.ca\/wp-content\/uploads\/2019\/01\/Bennett.jpg\",\"datePublished\":\"2019-01-15T21:54:56+00:00\",\"dateModified\":\"2019-01-30T16:32:01+00:00\",\"author\":{\"@id\":\"https:\/\/habilitas.ca\/#\/schema\/person\/9bb497f43095887cc9dfc4fa873e3400\"},\"breadcrumb\":{\"@id\":\"https:\/\/habilitas.ca\/fr\/bennett\/#breadcrumb\"},\"inLanguage\":\"fr-FR\",\"potentialAction\":[{\"@type\":\"ReadAction\",\"target\":[\"https:\/\/habilitas.ca\/fr\/bennett\/\"]}]},{\"@type\":\"ImageObject\",\"inLanguage\":\"fr-FR\",\"@id\":\"https:\/\/habilitas.ca\/fr\/bennett\/#primaryimage\",\"url\":\"https:\/\/habilitas.ca\/wp-content\/uploads\/2019\/01\/Bennett.jpg\",\"contentUrl\":\"https:\/\/habilitas.ca\/wp-content\/uploads\/2019\/01\/Bennett.jpg\",\"width\":800,\"height\":500},{\"@type\":\"BreadcrumbList\",\"@id\":\"https:\/\/habilitas.ca\/fr\/bennett\/#breadcrumb\",\"itemListElement\":[{\"@type\":\"ListItem\",\"position\":1,\"name\":\"Home\",\"item\":\"https:\/\/habilitas.ca\/fr\/\"},{\"@type\":\"ListItem\",\"position\":2,\"name\":\"Bennett\"}]},{\"@type\":\"WebSite\",\"@id\":\"https:\/\/habilitas.ca\/#website\",\"url\":\"https:\/\/habilitas.ca\/\",\"name\":\"Habilitas\",\"description\":\"\",\"potentialAction\":[{\"@type\":\"SearchAction\",\"target\":{\"@type\":\"EntryPoint\",\"urlTemplate\":\"https:\/\/habilitas.ca\/?s={search_term_string}\"},\"query-input\":{\"@type\":\"PropertyValueSpecification\",\"valueRequired\":true,\"valueName\":\"search_term_string\"}}],\"inLanguage\":\"fr-FR\"},{\"@type\":\"Person\",\"@id\":\"https:\/\/habilitas.ca\/#\/schema\/person\/9bb497f43095887cc9dfc4fa873e3400\",\"name\":\"Ryan Hayes\"}]}<\/script>\n<!-- \/ Yoast SEO plugin. -->","yoast_head_json":{"title":"Bennett - Fondation Habilitas Foundation","robots":{"index":"index","follow":"follow","max-snippet":"max-snippet:-1","max-image-preview":"max-image-preview:large","max-video-preview":"max-video-preview:-1"},"canonical":"https:\/\/habilitas.ca\/fr\/bennett\/","og_locale":"fr_FR","og_type":"article","og_title":"Bennett - Fondation Habilitas Foundation","og_description":"Avant d'entrer au Centre MAB-Mackay pour la premi\u00e8re fois, je ne savais pas grand-chose \u00e0 son sujet. Je savais qu'on y offrait des services pour enfants handicap\u00e9s, mais sans plus. Il n\u2019a suffi que de la premi\u00e8re visite pour r\u00e9aliser qu\u2019\u00e0 l\u2019int\u00e9rieur il s\u2019y passait quelque chose d\u2019extraordinaire. Notre fils Bennett a \u00e9t\u00e9 diagnostiqu\u00e9 [&hellip;]","og_url":"https:\/\/habilitas.ca\/fr\/bennett\/","og_site_name":"Fondation Habilitas Foundation","article_publisher":"https:\/\/www.facebook.com\/HABILITAS.fondation\/","article_published_time":"2019-01-15T21:54:56+00:00","article_modified_time":"2019-01-30T16:32:01+00:00","og_image":[{"width":800,"height":500,"url":"https:\/\/habilitas.ca\/wp-content\/uploads\/2019\/01\/Bennett.jpg","type":"image\/jpeg"}],"author":"Ryan Hayes","twitter_card":"summary_large_image","twitter_misc":{"\u00c9crit par":"Ryan Hayes","Dur\u00e9e de lecture estim\u00e9e":"13 minutes"},"schema":{"@context":"https:\/\/schema.org","@graph":[{"@type":"Article","@id":"https:\/\/habilitas.ca\/fr\/bennett\/#article","isPartOf":{"@id":"https:\/\/habilitas.ca\/fr\/bennett\/"},"author":{"name":"Ryan Hayes","@id":"https:\/\/habilitas.ca\/#\/schema\/person\/9bb497f43095887cc9dfc4fa873e3400"},"headline":"Bennett","datePublished":"2019-01-15T21:54:56+00:00","dateModified":"2019-01-30T16:32:01+00:00","mainEntityOfPage":{"@id":"https:\/\/habilitas.ca\/fr\/bennett\/"},"wordCount":2673,"image":{"@id":"https:\/\/habilitas.ca\/fr\/bennett\/#primaryimage"},"thumbnailUrl":"https:\/\/habilitas.ca\/wp-content\/uploads\/2019\/01\/Bennett.jpg","articleSection":["Histoires de client\u00b7e\u00b7s"],"inLanguage":"fr-FR"},{"@type":"WebPage","@id":"https:\/\/habilitas.ca\/fr\/bennett\/","url":"https:\/\/habilitas.ca\/fr\/bennett\/","name":"Bennett - Fondation Habilitas Foundation","isPartOf":{"@id":"https:\/\/habilitas.ca\/#website"},"primaryImageOfPage":{"@id":"https:\/\/habilitas.ca\/fr\/bennett\/#primaryimage"},"image":{"@id":"https:\/\/habilitas.ca\/fr\/bennett\/#primaryimage"},"thumbnailUrl":"https:\/\/habilitas.ca\/wp-content\/uploads\/2019\/01\/Bennett.jpg","datePublished":"2019-01-15T21:54:56+00:00","dateModified":"2019-01-30T16:32:01+00:00","author":{"@id":"https:\/\/habilitas.ca\/#\/schema\/person\/9bb497f43095887cc9dfc4fa873e3400"},"breadcrumb":{"@id":"https:\/\/habilitas.ca\/fr\/bennett\/#breadcrumb"},"inLanguage":"fr-FR","potentialAction":[{"@type":"ReadAction","target":["https:\/\/habilitas.ca\/fr\/bennett\/"]}]},{"@type":"ImageObject","inLanguage":"fr-FR","@id":"https:\/\/habilitas.ca\/fr\/bennett\/#primaryimage","url":"https:\/\/habilitas.ca\/wp-content\/uploads\/2019\/01\/Bennett.jpg","contentUrl":"https:\/\/habilitas.ca\/wp-content\/uploads\/2019\/01\/Bennett.jpg","width":800,"height":500},{"@type":"BreadcrumbList","@id":"https:\/\/habilitas.ca\/fr\/bennett\/#breadcrumb","itemListElement":[{"@type":"ListItem","position":1,"name":"Home","item":"https:\/\/habilitas.ca\/fr\/"},{"@type":"ListItem","position":2,"name":"Bennett"}]},{"@type":"WebSite","@id":"https:\/\/habilitas.ca\/#website","url":"https:\/\/habilitas.ca\/","name":"Habilitas","description":"","potentialAction":[{"@type":"SearchAction","target":{"@type":"EntryPoint","urlTemplate":"https:\/\/habilitas.ca\/?s={search_term_string}"},"query-input":{"@type":"PropertyValueSpecification","valueRequired":true,"valueName":"search_term_string"}}],"inLanguage":"fr-FR"},{"@type":"Person","@id":"https:\/\/habilitas.ca\/#\/schema\/person\/9bb497f43095887cc9dfc4fa873e3400","name":"Ryan Hayes"}]}},"_links":{"self":[{"href":"https:\/\/habilitas.ca\/fr\/wp-json\/wp\/v2\/posts\/1607","targetHints":{"allow":["GET"]}}],"collection":[{"href":"https:\/\/habilitas.ca\/fr\/wp-json\/wp\/v2\/posts"}],"about":[{"href":"https:\/\/habilitas.ca\/fr\/wp-json\/wp\/v2\/types\/post"}],"author":[{"embeddable":true,"href":"https:\/\/habilitas.ca\/fr\/wp-json\/wp\/v2\/users\/13"}],"replies":[{"embeddable":true,"href":"https:\/\/habilitas.ca\/fr\/wp-json\/wp\/v2\/comments?post=1607"}],"version-history":[{"count":4,"href":"https:\/\/habilitas.ca\/fr\/wp-json\/wp\/v2\/posts\/1607\/revisions"}],"predecessor-version":[{"id":2416,"href":"https:\/\/habilitas.ca\/fr\/wp-json\/wp\/v2\/posts\/1607\/revisions\/2416"}],"wp:featuredmedia":[{"embeddable":true,"href":"https:\/\/habilitas.ca\/fr\/wp-json\/wp\/v2\/media\/1608"}],"wp:attachment":[{"href":"https:\/\/habilitas.ca\/fr\/wp-json\/wp\/v2\/media?parent=1607"}],"wp:term":[{"taxonomy":"category","embeddable":true,"href":"https:\/\/habilitas.ca\/fr\/wp-json\/wp\/v2\/categories?post=1607"},{"taxonomy":"post_tag","embeddable":true,"href":"https:\/\/habilitas.ca\/fr\/wp-json\/wp\/v2\/tags?post=1607"}],"curies":[{"name":"wp","href":"https:\/\/api.w.org\/{rel}","templated":true}]}}