{"id":1600,"date":"2017-01-15T22:04:40","date_gmt":"2017-01-16T03:04:40","guid":{"rendered":"http:\/\/habilitas.ca\/james\/"},"modified":"2019-07-09T12:03:19","modified_gmt":"2019-07-09T17:03:19","slug":"james","status":"publish","type":"post","link":"https:\/\/habilitas.ca\/fr\/james\/","title":{"rendered":"James"},"content":{"rendered":"<p>[et_pb_section bb_built=\u00a0\u00bb1&Prime; next_background_color=\u00a0\u00bbrgba(68,205,207,0.3)\u00a0\u00bb][et_pb_row _builder_version=\u00a0\u00bb3.19.9&Prime; disabled=\u00a0\u00bboff\u00a0\u00bb disabled_on=\u00a0\u00bboff|off|off\u00a0\u00bb][et_pb_column type=\u00a0\u00bb4_4&Prime;][et_pb_post_title _builder_version=\u00a0\u00bb3.19.9&Prime; meta=\u00a0\u00bboff\u00a0\u00bb featured_image=\u00a0\u00bboff\u00a0\u00bb text_orientation=\u00a0\u00bbcenter\u00a0\u00bb \/][\/et_pb_column][\/et_pb_row][et_pb_row][et_pb_column type=\u00a0\u00bb4_4&Prime;][et_pb_text _builder_version=\u00a0\u00bb3.19.9&Prime;]<\/p>\n<p>Il y a environ 30 ans, durant une visite routini\u00e8re chez mon ophtalmologiste, j\u2019ai appris que je perdais la vue. Malgr\u00e9 quelques tentatives chirurgicales, j\u2019ai perdu la vue en l\u2019espace de 18 mois.<\/p>\n<p>Tout d\u2019un coup, les gestes quotidiens, comme me verser une tasse de caf\u00e9, mettre de la p\u00e2te dentifrice sur ma brosse \u00e0 dents, signer un ch\u00e8que ou verrouiller la porte de la maison, sont devenus des gestes ardus. Je ne pouvais plus lire les quotidiens et je devais faire attention lorsque je marchais parce que j\u2019avais peur de tr\u00e9bucher ou de perdre pied.<\/p>\n<p>Les t\u00e2ches simples que je tenais pour acquises sont devenues de vrais d\u00e9fis.<\/p>\n<p>J\u2019avais peur et je ne savais pas ce que l\u2019avenir me r\u00e9servait.<\/p>\n<p>M\u00eame si j\u2019avais toujours une vision r\u00e9siduelle, on m\u2019a dirig\u00e9 vers l\u2019Association montr\u00e9alaise pour les aveugles \u2013 maintenant le Centre de r\u00e9adaptation MAB-Mackay. \u00c0 l\u2019\u00e9poque, le soutien des donateurs m\u2019avait permis d\u2019obtenir l\u2019aide dont j\u2019avais besoin afin de progresser dans la vie et il en va de m\u00eame aujourd\u2019hui.<\/p>\n<p>Gr\u00e2ce \u00e0 votre g\u00e9n\u00e9rosit\u00e9 et \u00e0 celle de tant d\u2019autres, le MAB-Mackay est l\u00e0 tous les ans pour moi et pr\u00e8s de 5 000 autres clients et leur famille. Le Centre aide des personnes qui sont aveugles ou qui ont une d\u00e9ficience visuelle, qui sont sourdes ou qui ont une d\u00e9ficience auditive, ainsi que des b\u00e9b\u00e9s et des enfants qui \u00e9prouvent des d\u00e9ficiences neuro-motrices.<\/p>\n<p>Chaque don que vous faites \u00e0 la Fondation MAB-Mackay transforme des vies. Laissez-moi vous d\u00e9montrer la diff\u00e9rence que vous faites dans la mienne.<\/p>\n<p>Au d\u00e9but, le personnel du MAB-Mackay m\u2019a accompagn\u00e9 au travail et m\u2019a enseign\u00e9 des strat\u00e9gies afin de maintenir ma productivit\u00e9. Ils m\u2019ont \u00e9galement appris des habilet\u00e9s en soins personnels et des techniques de gestion du foyer, notamment faire preuve de pratiques s\u00e9curitaires et ad\u00e9quates dans la cuisine. Dans le cadre de mes cours de cuisine, je devais faire le d\u00e9jeuner pour un groupe de personnes. Il s\u2019agit de toute une besogne lorsque l\u2019on ne voit rien!<\/p>\n<p>Le jour o\u00f9 l\u2019on m\u2019a remis ma canne blanche, j\u2019ai vraiment compris que ma c\u00e9cit\u00e9 serait permanente.<\/p>\n<p>La r\u00e9alit\u00e9 selon laquelle je serais non-voyant pour le restant de ma vie m\u2019a frapp\u00e9 au moment de ma remise de dipl\u00f4mes \u00e0 la suite de ma formation en orientation et en mobilit\u00e9.<\/p>\n<p>[\/et_pb_text][\/et_pb_column][\/et_pb_row][et_pb_row _builder_version=\u00a0\u00bb3.19.9&Prime; module_class_1=\u00a0\u00bbds-vertical-align\u00a0\u00bb module_class_2=\u00a0\u00bbds-vertical-align\u00a0\u00bb make_equal=\u00a0\u00bbon\u00a0\u00bb][et_pb_column type=\u00a0\u00bb1_2&Prime;][et_pb_text _builder_version=\u00a0\u00bb3.19.9&Prime; quote_font=\u00a0\u00bb||on||||||\u00a0\u00bb quote_text_align=\u00a0\u00bbcenter\u00a0\u00bb quote_font_size=\u00a0\u00bb22px\u00a0\u00bb]<\/p>\n<blockquote>\n<p><strong>Toutefois, le MAB-Mackay m\u2019a pr\u00e9par\u00e9 \u00e0 y faire face \u00e0 de nombreux niveaux. Je n\u2019oublierai jamais le sentiment de fiert\u00e9 ressenti la premi\u00e8re fois que j\u2019ai pris le train seul de la maison jusqu\u2019au travail au centre-ville. <\/strong><\/p>\n<\/blockquote>\n<p>[\/et_pb_text][\/et_pb_column][et_pb_column type=\u00a0\u00bb1_2&Prime;][et_pb_image _builder_version=\u00a0\u00bb3.19.9&Prime; src=\u00a0\u00bbhttp:\/\/habilitas.ca\/wp-content\/uploads\/2019\/01\/James.jpg\u00a0\u00bb \/][\/et_pb_column][\/et_pb_row][et_pb_row][et_pb_column type=\u00a0\u00bb4_4&Prime;][et_pb_text _builder_version=\u00a0\u00bb3.19.9&Prime;]<\/p>\n<p>Votre prochain don rendra des formations sur les habilet\u00e9s essentielles possibles pour d\u2019autres clients du MAB-Mackay.<\/p>\n<p>Je ne peux pas dire que mon p\u00e9riple s\u2019est fait sans heurts. Il y a eu des moments de d\u00e9sespoir, de col\u00e8re, de peur et de tristesse qui ont accompagn\u00e9 ma perte de vision. Cependant, le MAB-Mackay a jou\u00e9 un r\u00f4le premier plan afin de m\u2019aider \u00e0 acqu\u00e9rir de la confiance en mes habilet\u00e9s. On m\u2019a encourag \u00e0 continuer \u00e0 r\u00e9aliser mes r\u00eaves.<\/p>\n<p>Gr\u00e2ce \u00e0 votre soutien et au MAB-Mackay, je suis devenu un mari, un p\u00e8re et un professionnel accompli.<\/p>\n<p>Je suis fier de dire que je suis mari\u00e9 depuis presque 40 ans et j\u2019ai deux merveilleuses filles. J\u2019ai obtenu un MBA et j\u2019ai un emploi enrichissant au sein d\u2019un transporteur a\u00e9rien dans le cadre duquel j\u2019effectue la coordination d\u00e9taill\u00e9e de projets et la gestion d\u2019une \u00e9quipe de jusqu\u2019\u00e0 20 personnes. Sans le MAB-Mackay, j\u2019ignore o\u00f9 je serais rendu. Et je me fierai toujours \u00e0 sa merveilleuse \u00e9quipe afin d\u2019obtenir des conseils et des soins.<\/p>\n<p>Je suis la preuve incarn\u00e9e de ce que repr\u00e9sente le MAB-Mackay : De vraies personnes, de vraies histoires, de vrais succ\u00e8s. Vous pouvez changer bien des vies comme la mienne en faisant un don \u00e0 la Fondation MAB-Mackay aujourd\u2019hui.<\/p>\n<p>Merci de m\u2019avoir donn\u00e9 l\u2019occasion de vivre une vie empreinte de dignit\u00e9 et de respect et de n\u2019avoir pas permis \u00e0 la c\u00e9cit\u00e9 de devenir un obstacle \u00e0 mon bonheur et \u00e0 mes succ\u00e8s.<\/p>\n<p>Merci de soutenir le MAB-Mackay!<\/p>\n<p>[\/et_pb_text][et_pb_button admin_label=\u00a0\u00bbAutres histoires\u00a0\u00bb _builder_version=\u00a0\u00bb3.19.10&Prime; button_text=\u00a0\u00bbAutres histoires\u00a0\u00bb button_url=\u00a0\u00bbhttps:\/\/habilitas.ca\/fr\/nos-histoires\/\u00a0\u00bb button_alignment=\u00a0\u00bbleft\u00a0\u00bb \/][\/et_pb_column][\/et_pb_row][\/et_pb_section][et_pb_section bb_built=\u00a0\u00bb1&Prime; _builder_version=\u00a0\u00bb3.19.9&Prime; background_color=\u00a0\u00bbrgba(68,205,207,0.3)\u00a0\u00bb prev_background_color=\u00a0\u00bb#ffffff\u00a0\u00bb custom_margin=\u00a0\u00bb||0px|\u00a0\u00bb custom_padding=\u00a0\u00bb||0px|\u00a0\u00bb global_module=\u00a0\u00bb1795&Prime;][et_pb_row global_parent=\u00a0\u00bb1795&Prime; _builder_version=\u00a0\u00bb3.0.48&Prime; background_size=\u00a0\u00bbinitial\u00a0\u00bb background_position=\u00a0\u00bbtop_left\u00a0\u00bb background_repeat=\u00a0\u00bbrepeat\u00a0\u00bb][et_pb_column type=\u00a0\u00bb1_4&Prime;][et_pb_signup admin_label=\u00a0\u00bbEmail Option\u00a0\u00bb global_parent=\u00a0\u00bb1795&Prime; activecampaign_list=\u00a0\u00bb|none\u00a0\u00bb aweber_list=\u00a0\u00bb|none\u00a0\u00bb campaign_monitor_list=\u00a0\u00bb|none\u00a0\u00bb constant_contact_list=\u00a0\u00bbHABILITAS Website|1116831926&Prime; convertkit_list=\u00a0\u00bb|none\u00a0\u00bb emma_list=\u00a0\u00bb|none\u00a0\u00bb feedblitz_list=\u00a0\u00bb|none\u00a0\u00bb getresponse_list=\u00a0\u00bb|none\u00a0\u00bb hubspot_list=\u00a0\u00bb|none\u00a0\u00bb icontact_list=\u00a0\u00bb|none\u00a0\u00bb infusionsoft_list=\u00a0\u00bb|none\u00a0\u00bb madmimi_list=\u00a0\u00bb|none\u00a0\u00bb mailchimp_list=\u00a0\u00bb|none\u00a0\u00bb mailerlite_list=\u00a0\u00bb|none\u00a0\u00bb mailpoet_list=\u00a0\u00bb|none\u00a0\u00bb mailster_list=\u00a0\u00bb|none\u00a0\u00bb ontraport_list=\u00a0\u00bb|none\u00a0\u00bb salesforce_list=\u00a0\u00bb|none\u00a0\u00bb sendinblue_list=\u00a0\u00bb|none\u00a0\u00bb first_name_field=\u00a0\u00bboff\u00a0\u00bb last_name_field=\u00a0\u00bboff\u00a0\u00bb title=\u00a0\u00bbInscrivez-vous \u00e0 notre infolettre\u00a0\u00bb _builder_version=\u00a0\u00bb3.19.9&Prime; header_font=\u00a0\u00bb|600|||||||\u00a0\u00bb header_text_color=\u00a0\u00bb#313175&Prime; header_font_size=\u00a0\u00bb18&Prime; use_background_color=\u00a0\u00bboff\u00a0\u00bb border_radii_fields=\u00a0\u00bbon|50px|50px|50px|50px\u00a0\u00bb background_layout=\u00a0\u00bblight\u00a0\u00bb provider=\u00a0\u00bbconstant_contact\u00a0\u00bb button_text=\u00a0\u00bbS\u2019abonner\u00a0\u00bb \/][\/et_pb_column][et_pb_column type=\u00a0\u00bb1_4&Prime;][et_pb_text global_parent=\u00a0\u00bb1795&Prime; _builder_version=\u00a0\u00bb3.19.10&Prime; text_font_size=\u00a0\u00bb14px\u00a0\u00bb header_4_font=\u00a0\u00bb|600|||||||\u00a0\u00bb]<\/p>\n<h4>Foundation<\/h4>\n<p><a href=\"https:\/\/habilitas.ca\/fr\/nos-histoires\/\">Nos histoires<\/a><br \/><a href=\"https:\/\/habilitas.ca\/fr\/evenements\/\">\u00c9v\u00e9nements<\/a><br \/><a href=\"https:\/\/habilitas.ca\/fr\/supports-habilitas\/\">Supports HABILITAS<\/a><br \/><a href=\"https:\/\/habilitas.ca\/fr\/qui-sommes-nous\/notre-equipe\/\">Notre \u00e9quipe<\/a><br \/><a href=\"https:\/\/habilitas.ca\/fr\/qui-sommes-nous\/communiquez-avec-nous\/\">Communiquez avec nous<\/a><\/p>\n<p>[\/et_pb_text][\/et_pb_column][et_pb_column type=\u00a0\u00bb1_4&Prime;][et_pb_text global_parent=\u00a0\u00bb1795&Prime; _builder_version=\u00a0\u00bb3.19.10&Prime; text_font_size=\u00a0\u00bb14px\u00a0\u00bb header_4_font=\u00a0\u00bb|600|||||||\u00a0\u00bb]<\/p>\n<h4>Faire un don<\/h4>\n<p><a href=\"https:\/\/habilitas.ca\/fr\/don-en-ligne\/\">Don en ligne<\/a><br \/>\n<a href=\"https:\/\/habilitas.ca\/fr\/facons-de-faire-un-don\/\">Fa\u00e7ons de faire un don<\/a><br \/>\n<a href=\"https:\/\/habilitas.ca\/fr\/impliquez-vous\/\">Impliquez-vous<\/a><\/p>\n<p>[\/et_pb_text][\/et_pb_column][et_pb_column type=\u00a0\u00bb1_4&Prime;][et_pb_image global_parent=\u00a0\u00bb1795&Prime; _builder_version=\u00a0\u00bb3.19.9&Prime; src=\u00a0\u00bbhttp:\/\/habilitas.ca\/wp-content\/uploads\/2019\/01\/Habilitas-Logo-Icon-H-Bil-Dark-RGB.png\u00a0\u00bb url=\u00a0\u00bbhttp:\/\/habilitas.ca\/fr\/\u00a0\u00bb \/][et_pb_social_media_follow global_parent=\u00a0\u00bb1795&Prime; _builder_version=\u00a0\u00bb3.19.10&Prime; text_orientation=\u00a0\u00bbleft\u00a0\u00bb border_radii=\u00a0\u00bbon|50px|50px|50px|50px\u00a0\u00bb disabled=\u00a0\u00bbon\u00a0\u00bb disabled_on=\u00a0\u00bbon|on|on\u00a0\u00bb][et_pb_social_media_follow_network _builder_version=\u00a0\u00bb3.19.9&Prime; social_network=\u00a0\u00bbfacebook\u00a0\u00bb skype_action=\u00a0\u00bbcall\u00a0\u00bb url=\u00a0\u00bb#\u00a0\u00bb background_color=\u00a0\u00bb#313175&Prime; use_background_color_gradient=\u00a0\u00bboff\u00a0\u00bb background_color_gradient_start=\u00a0\u00bb#2b87da\u00a0\u00bb background_color_gradient_end=\u00a0\u00bb#29c4a9&Prime; background_color_gradient_type=\u00a0\u00bblinear\u00a0\u00bb background_color_gradient_direction=\u00a0\u00bb180deg\u00a0\u00bb background_color_gradient_direction_radial=\u00a0\u00bbcenter\u00a0\u00bb background_color_gradient_start_position=\u00a0\u00bb0%\u00a0\u00bb background_color_gradient_end_position=\u00a0\u00bb100%\u00a0\u00bb background_color_gradient_overlays_image=\u00a0\u00bboff\u00a0\u00bb parallax=\u00a0\u00bboff\u00a0\u00bb parallax_method=\u00a0\u00bbon\u00a0\u00bb background_size=\u00a0\u00bbcover\u00a0\u00bb background_position=\u00a0\u00bbcenter\u00a0\u00bb background_repeat=\u00a0\u00bbno-repeat\u00a0\u00bb background_blend=\u00a0\u00bbnormal\u00a0\u00bb allow_player_pause=\u00a0\u00bboff\u00a0\u00bb background_video_pause_outside_viewport=\u00a0\u00bbon\u00a0\u00bb box_shadow_style=\u00a0\u00bbnone\u00a0\u00bb hover_transition_duration=\u00a0\u00bb300ms\u00a0\u00bb hover_transition_delay=\u00a0\u00bb0ms\u00a0\u00bb hover_transition_speed_curve=\u00a0\u00bbease\u00a0\u00bb border_radii=\u00a0\u00bbon|3px|3px|3px|3px\u00a0\u00bb]<\/p>\n<p>Facebook<\/p>\n<p>[\/et_pb_social_media_follow_network][et_pb_social_media_follow_network _builder_version=\u00a0\u00bb3.19.9&Prime; social_network=\u00a0\u00bblinkedin\u00a0\u00bb skype_action=\u00a0\u00bbcall\u00a0\u00bb url=\u00a0\u00bb#\u00a0\u00bb background_color=\u00a0\u00bb#00ab89&Prime; use_background_color_gradient=\u00a0\u00bboff\u00a0\u00bb background_color_gradient_start=\u00a0\u00bb#2b87da\u00a0\u00bb background_color_gradient_end=\u00a0\u00bb#29c4a9&Prime; background_color_gradient_type=\u00a0\u00bblinear\u00a0\u00bb background_color_gradient_direction=\u00a0\u00bb180deg\u00a0\u00bb background_color_gradient_direction_radial=\u00a0\u00bbcenter\u00a0\u00bb background_color_gradient_start_position=\u00a0\u00bb0%\u00a0\u00bb background_color_gradient_end_position=\u00a0\u00bb100%\u00a0\u00bb background_color_gradient_overlays_image=\u00a0\u00bboff\u00a0\u00bb parallax=\u00a0\u00bboff\u00a0\u00bb parallax_method=\u00a0\u00bbon\u00a0\u00bb background_size=\u00a0\u00bbcover\u00a0\u00bb background_position=\u00a0\u00bbcenter\u00a0\u00bb background_repeat=\u00a0\u00bbno-repeat\u00a0\u00bb background_blend=\u00a0\u00bbnormal\u00a0\u00bb allow_player_pause=\u00a0\u00bboff\u00a0\u00bb background_video_pause_outside_viewport=\u00a0\u00bbon\u00a0\u00bb box_shadow_style=\u00a0\u00bbnone\u00a0\u00bb hover_transition_duration=\u00a0\u00bb300ms\u00a0\u00bb hover_transition_delay=\u00a0\u00bb0ms\u00a0\u00bb hover_transition_speed_curve=\u00a0\u00bbease\u00a0\u00bb border_radii=\u00a0\u00bbon|3px|3px|3px|3px\u00a0\u00bb]<\/p>\n<p>LinkedIn<\/p>\n<p>[\/et_pb_social_media_follow_network][et_pb_social_media_follow_network _builder_version=\u00a0\u00bb3.19.9&Prime; social_network=\u00a0\u00bbinstagram\u00a0\u00bb skype_action=\u00a0\u00bbcall\u00a0\u00bb url=\u00a0\u00bb#\u00a0\u00bb use_background_color_gradient=\u00a0\u00bboff\u00a0\u00bb background_color_gradient_start=\u00a0\u00bb#2b87da\u00a0\u00bb background_color_gradient_end=\u00a0\u00bb#29c4a9&Prime; background_color_gradient_type=\u00a0\u00bblinear\u00a0\u00bb background_color_gradient_direction=\u00a0\u00bb180deg\u00a0\u00bb background_color_gradient_direction_radial=\u00a0\u00bbcenter\u00a0\u00bb background_color_gradient_start_position=\u00a0\u00bb0%\u00a0\u00bb background_color_gradient_end_position=\u00a0\u00bb100%\u00a0\u00bb background_color_gradient_overlays_image=\u00a0\u00bboff\u00a0\u00bb parallax=\u00a0\u00bboff\u00a0\u00bb parallax_method=\u00a0\u00bbon\u00a0\u00bb background_size=\u00a0\u00bbcover\u00a0\u00bb background_position=\u00a0\u00bbcenter\u00a0\u00bb background_repeat=\u00a0\u00bbno-repeat\u00a0\u00bb background_blend=\u00a0\u00bbnormal\u00a0\u00bb allow_player_pause=\u00a0\u00bboff\u00a0\u00bb background_video_pause_outside_viewport=\u00a0\u00bbon\u00a0\u00bb box_shadow_style=\u00a0\u00bbnone\u00a0\u00bb hover_transition_duration=\u00a0\u00bb300ms\u00a0\u00bb hover_transition_delay=\u00a0\u00bb0ms\u00a0\u00bb hover_transition_speed_curve=\u00a0\u00bbease\u00a0\u00bb background_color=\u00a0\u00bb#e7507b\u00a0\u00bb border_radii=\u00a0\u00bbon|3px|3px|3px|3px\u00a0\u00bb]<\/p>\n<p>Instagram<\/p>\n<p>[\/et_pb_social_media_follow_network][\/et_pb_social_media_follow][\/et_pb_column][\/et_pb_row][et_pb_row global_parent=\u00a0\u00bb1795&Prime; _builder_version=\u00a0\u00bb3.19.9&Prime; custom_margin=\u00a0\u00bb||0px|\u00a0\u00bb custom_padding=\u00a0\u00bb||0px|\u00a0\u00bb][et_pb_column type=\u00a0\u00bb1_3&Prime;][\/et_pb_column][et_pb_column type=\u00a0\u00bb1_3&Prime;][et_pb_text global_parent=\u00a0\u00bb1795&Prime; _builder_version=\u00a0\u00bb3.19.9&Prime; link_font_size=\u00a0\u00bb12px\u00a0\u00bb custom_padding=\u00a0\u00bb0px||0px|\u00a0\u00bb link_text_align=\u00a0\u00bbcenter\u00a0\u00bb custom_margin=\u00a0\u00bb||0px|\u00a0\u00bb text_orientation=\u00a0\u00bbcenter\u00a0\u00bb]<\/p>\n<p><span style=\"color: #ffffff;\"><a style=\"color: #ffffff;\" href=\"https:\/\/sparrowstrategy.com\/\" target=\"_blank\" rel=\"noopener noreferrer\">Web Design Sparrow Digital<\/a><\/span><\/p>\n<p>[\/et_pb_text][\/et_pb_column][et_pb_column type=\u00a0\u00bb1_3&Prime;][\/et_pb_column][\/et_pb_row][\/et_pb_section]<\/p>\n","protected":false},"excerpt":{"rendered":"<p><div class=\"et_pb_row et_pb_row_0 et_pb_row_empty\">\n\t\t\t\t\n\t\t\t\t\n\t\t\t\t\n\t\t\t\t\n\t\t\t\t\n\t\t\t<\/div> Il y a environ 30 ans, durant une visite routini\u00e8re chez mon ophtalmologiste, j\u2019ai appris que je perdais la vue. Malgr\u00e9 quelques tentatives chirurgicales, j\u2019ai perdu la vue en l\u2019espace de 18 mois. Tout d\u2019un coup, les gestes quotidiens, comme me verser une tasse de caf\u00e9, mettre de la p\u00e2te dentifrice sur ma brosse [&hellip;]<\/p>\n","protected":false},"author":13,"featured_media":1601,"comment_status":"closed","ping_status":"open","sticky":false,"template":"","format":"standard","meta":{"_et_pb_use_builder":"on","_et_pb_old_content":"","_et_gb_content_width":"","_monsterinsights_skip_tracking":false,"_monsterinsights_sitenote_active":false,"_monsterinsights_sitenote_note":"","_monsterinsights_sitenote_category":0,"footnotes":""},"categories":[26],"tags":[],"class_list":["post-1600","post","type-post","status-publish","format-standard","has-post-thumbnail","hentry","category-histoires-de-clientes"],"yoast_head":"<!-- This site is optimized with the Yoast SEO plugin v27.1.1 - https:\/\/yoast.com\/product\/yoast-seo-wordpress\/ -->\n<title>James - Fondation Habilitas Foundation<\/title>\n<meta name=\"robots\" content=\"index, follow, max-snippet:-1, max-image-preview:large, max-video-preview:-1\" \/>\n<link rel=\"canonical\" href=\"https:\/\/habilitas.ca\/fr\/james\/\" \/>\n<meta property=\"og:locale\" content=\"fr_FR\" \/>\n<meta property=\"og:type\" content=\"article\" \/>\n<meta property=\"og:title\" content=\"James - Fondation Habilitas Foundation\" \/>\n<meta property=\"og:description\" content=\"Il y a environ 30 ans, durant une visite routini\u00e8re chez mon ophtalmologiste, j\u2019ai appris que je perdais la vue. Malgr\u00e9 quelques tentatives chirurgicales, j\u2019ai perdu la vue en l\u2019espace de 18 mois. Tout d\u2019un coup, les gestes quotidiens, comme me verser une tasse de caf\u00e9, mettre de la p\u00e2te dentifrice sur ma brosse [&hellip;]\" \/>\n<meta property=\"og:url\" content=\"https:\/\/habilitas.ca\/fr\/james\/\" \/>\n<meta property=\"og:site_name\" content=\"Fondation Habilitas Foundation\" \/>\n<meta property=\"article:publisher\" content=\"https:\/\/www.facebook.com\/HABILITAS.fondation\/\" \/>\n<meta property=\"article:published_time\" content=\"2017-01-16T03:04:40+00:00\" \/>\n<meta property=\"article:modified_time\" content=\"2019-07-09T17:03:19+00:00\" \/>\n<meta property=\"og:image\" content=\"https:\/\/habilitas.ca\/wp-content\/uploads\/2019\/01\/James.jpg\" \/>\n\t<meta property=\"og:image:width\" content=\"469\" \/>\n\t<meta property=\"og:image:height\" content=\"286\" \/>\n\t<meta property=\"og:image:type\" content=\"image\/jpeg\" \/>\n<meta name=\"author\" content=\"Ryan Hayes\" \/>\n<meta name=\"twitter:card\" content=\"summary_large_image\" \/>\n<meta name=\"twitter:label1\" content=\"\u00c9crit par\" \/>\n\t<meta name=\"twitter:data1\" content=\"Ryan Hayes\" \/>\n\t<meta name=\"twitter:label2\" content=\"Dur\u00e9e de lecture estim\u00e9e\" \/>\n\t<meta name=\"twitter:data2\" content=\"8 minutes\" \/>\n<script type=\"application\/ld+json\" class=\"yoast-schema-graph\">{\"@context\":\"https:\/\/schema.org\",\"@graph\":[{\"@type\":\"Article\",\"@id\":\"https:\/\/habilitas.ca\/fr\/james\/#article\",\"isPartOf\":{\"@id\":\"https:\/\/habilitas.ca\/fr\/james\/\"},\"author\":{\"name\":\"Ryan Hayes\",\"@id\":\"https:\/\/habilitas.ca\/#\/schema\/person\/9bb497f43095887cc9dfc4fa873e3400\"},\"headline\":\"James\",\"datePublished\":\"2017-01-16T03:04:40+00:00\",\"dateModified\":\"2019-07-09T17:03:19+00:00\",\"mainEntityOfPage\":{\"@id\":\"https:\/\/habilitas.ca\/fr\/james\/\"},\"wordCount\":1659,\"image\":{\"@id\":\"https:\/\/habilitas.ca\/fr\/james\/#primaryimage\"},\"thumbnailUrl\":\"https:\/\/habilitas.ca\/wp-content\/uploads\/2019\/01\/James.jpg\",\"articleSection\":[\"Histoires de client\u00b7e\u00b7s\"],\"inLanguage\":\"fr-FR\"},{\"@type\":\"WebPage\",\"@id\":\"https:\/\/habilitas.ca\/fr\/james\/\",\"url\":\"https:\/\/habilitas.ca\/fr\/james\/\",\"name\":\"James - Fondation Habilitas Foundation\",\"isPartOf\":{\"@id\":\"https:\/\/habilitas.ca\/#website\"},\"primaryImageOfPage\":{\"@id\":\"https:\/\/habilitas.ca\/fr\/james\/#primaryimage\"},\"image\":{\"@id\":\"https:\/\/habilitas.ca\/fr\/james\/#primaryimage\"},\"thumbnailUrl\":\"https:\/\/habilitas.ca\/wp-content\/uploads\/2019\/01\/James.jpg\",\"datePublished\":\"2017-01-16T03:04:40+00:00\",\"dateModified\":\"2019-07-09T17:03:19+00:00\",\"author\":{\"@id\":\"https:\/\/habilitas.ca\/#\/schema\/person\/9bb497f43095887cc9dfc4fa873e3400\"},\"breadcrumb\":{\"@id\":\"https:\/\/habilitas.ca\/fr\/james\/#breadcrumb\"},\"inLanguage\":\"fr-FR\",\"potentialAction\":[{\"@type\":\"ReadAction\",\"target\":[\"https:\/\/habilitas.ca\/fr\/james\/\"]}]},{\"@type\":\"ImageObject\",\"inLanguage\":\"fr-FR\",\"@id\":\"https:\/\/habilitas.ca\/fr\/james\/#primaryimage\",\"url\":\"https:\/\/habilitas.ca\/wp-content\/uploads\/2019\/01\/James.jpg\",\"contentUrl\":\"https:\/\/habilitas.ca\/wp-content\/uploads\/2019\/01\/James.jpg\",\"width\":469,\"height\":286},{\"@type\":\"BreadcrumbList\",\"@id\":\"https:\/\/habilitas.ca\/fr\/james\/#breadcrumb\",\"itemListElement\":[{\"@type\":\"ListItem\",\"position\":1,\"name\":\"Home\",\"item\":\"https:\/\/habilitas.ca\/fr\/\"},{\"@type\":\"ListItem\",\"position\":2,\"name\":\"James\"}]},{\"@type\":\"WebSite\",\"@id\":\"https:\/\/habilitas.ca\/#website\",\"url\":\"https:\/\/habilitas.ca\/\",\"name\":\"Habilitas\",\"description\":\"\",\"potentialAction\":[{\"@type\":\"SearchAction\",\"target\":{\"@type\":\"EntryPoint\",\"urlTemplate\":\"https:\/\/habilitas.ca\/?s={search_term_string}\"},\"query-input\":{\"@type\":\"PropertyValueSpecification\",\"valueRequired\":true,\"valueName\":\"search_term_string\"}}],\"inLanguage\":\"fr-FR\"},{\"@type\":\"Person\",\"@id\":\"https:\/\/habilitas.ca\/#\/schema\/person\/9bb497f43095887cc9dfc4fa873e3400\",\"name\":\"Ryan Hayes\"}]}<\/script>\n<!-- \/ Yoast SEO plugin. -->","yoast_head_json":{"title":"James - Fondation Habilitas Foundation","robots":{"index":"index","follow":"follow","max-snippet":"max-snippet:-1","max-image-preview":"max-image-preview:large","max-video-preview":"max-video-preview:-1"},"canonical":"https:\/\/habilitas.ca\/fr\/james\/","og_locale":"fr_FR","og_type":"article","og_title":"James - Fondation Habilitas Foundation","og_description":"Il y a environ 30 ans, durant une visite routini\u00e8re chez mon ophtalmologiste, j\u2019ai appris que je perdais la vue. Malgr\u00e9 quelques tentatives chirurgicales, j\u2019ai perdu la vue en l\u2019espace de 18 mois. Tout d\u2019un coup, les gestes quotidiens, comme me verser une tasse de caf\u00e9, mettre de la p\u00e2te dentifrice sur ma brosse [&hellip;]","og_url":"https:\/\/habilitas.ca\/fr\/james\/","og_site_name":"Fondation Habilitas Foundation","article_publisher":"https:\/\/www.facebook.com\/HABILITAS.fondation\/","article_published_time":"2017-01-16T03:04:40+00:00","article_modified_time":"2019-07-09T17:03:19+00:00","og_image":[{"width":469,"height":286,"url":"https:\/\/habilitas.ca\/wp-content\/uploads\/2019\/01\/James.jpg","type":"image\/jpeg"}],"author":"Ryan Hayes","twitter_card":"summary_large_image","twitter_misc":{"\u00c9crit par":"Ryan Hayes","Dur\u00e9e de lecture estim\u00e9e":"8 minutes"},"schema":{"@context":"https:\/\/schema.org","@graph":[{"@type":"Article","@id":"https:\/\/habilitas.ca\/fr\/james\/#article","isPartOf":{"@id":"https:\/\/habilitas.ca\/fr\/james\/"},"author":{"name":"Ryan Hayes","@id":"https:\/\/habilitas.ca\/#\/schema\/person\/9bb497f43095887cc9dfc4fa873e3400"},"headline":"James","datePublished":"2017-01-16T03:04:40+00:00","dateModified":"2019-07-09T17:03:19+00:00","mainEntityOfPage":{"@id":"https:\/\/habilitas.ca\/fr\/james\/"},"wordCount":1659,"image":{"@id":"https:\/\/habilitas.ca\/fr\/james\/#primaryimage"},"thumbnailUrl":"https:\/\/habilitas.ca\/wp-content\/uploads\/2019\/01\/James.jpg","articleSection":["Histoires de client\u00b7e\u00b7s"],"inLanguage":"fr-FR"},{"@type":"WebPage","@id":"https:\/\/habilitas.ca\/fr\/james\/","url":"https:\/\/habilitas.ca\/fr\/james\/","name":"James - Fondation Habilitas Foundation","isPartOf":{"@id":"https:\/\/habilitas.ca\/#website"},"primaryImageOfPage":{"@id":"https:\/\/habilitas.ca\/fr\/james\/#primaryimage"},"image":{"@id":"https:\/\/habilitas.ca\/fr\/james\/#primaryimage"},"thumbnailUrl":"https:\/\/habilitas.ca\/wp-content\/uploads\/2019\/01\/James.jpg","datePublished":"2017-01-16T03:04:40+00:00","dateModified":"2019-07-09T17:03:19+00:00","author":{"@id":"https:\/\/habilitas.ca\/#\/schema\/person\/9bb497f43095887cc9dfc4fa873e3400"},"breadcrumb":{"@id":"https:\/\/habilitas.ca\/fr\/james\/#breadcrumb"},"inLanguage":"fr-FR","potentialAction":[{"@type":"ReadAction","target":["https:\/\/habilitas.ca\/fr\/james\/"]}]},{"@type":"ImageObject","inLanguage":"fr-FR","@id":"https:\/\/habilitas.ca\/fr\/james\/#primaryimage","url":"https:\/\/habilitas.ca\/wp-content\/uploads\/2019\/01\/James.jpg","contentUrl":"https:\/\/habilitas.ca\/wp-content\/uploads\/2019\/01\/James.jpg","width":469,"height":286},{"@type":"BreadcrumbList","@id":"https:\/\/habilitas.ca\/fr\/james\/#breadcrumb","itemListElement":[{"@type":"ListItem","position":1,"name":"Home","item":"https:\/\/habilitas.ca\/fr\/"},{"@type":"ListItem","position":2,"name":"James"}]},{"@type":"WebSite","@id":"https:\/\/habilitas.ca\/#website","url":"https:\/\/habilitas.ca\/","name":"Habilitas","description":"","potentialAction":[{"@type":"SearchAction","target":{"@type":"EntryPoint","urlTemplate":"https:\/\/habilitas.ca\/?s={search_term_string}"},"query-input":{"@type":"PropertyValueSpecification","valueRequired":true,"valueName":"search_term_string"}}],"inLanguage":"fr-FR"},{"@type":"Person","@id":"https:\/\/habilitas.ca\/#\/schema\/person\/9bb497f43095887cc9dfc4fa873e3400","name":"Ryan Hayes"}]}},"_links":{"self":[{"href":"https:\/\/habilitas.ca\/fr\/wp-json\/wp\/v2\/posts\/1600","targetHints":{"allow":["GET"]}}],"collection":[{"href":"https:\/\/habilitas.ca\/fr\/wp-json\/wp\/v2\/posts"}],"about":[{"href":"https:\/\/habilitas.ca\/fr\/wp-json\/wp\/v2\/types\/post"}],"author":[{"embeddable":true,"href":"https:\/\/habilitas.ca\/fr\/wp-json\/wp\/v2\/users\/13"}],"replies":[{"embeddable":true,"href":"https:\/\/habilitas.ca\/fr\/wp-json\/wp\/v2\/comments?post=1600"}],"version-history":[{"count":7,"href":"https:\/\/habilitas.ca\/fr\/wp-json\/wp\/v2\/posts\/1600\/revisions"}],"predecessor-version":[{"id":3766,"href":"https:\/\/habilitas.ca\/fr\/wp-json\/wp\/v2\/posts\/1600\/revisions\/3766"}],"wp:featuredmedia":[{"embeddable":true,"href":"https:\/\/habilitas.ca\/fr\/wp-json\/wp\/v2\/media\/1601"}],"wp:attachment":[{"href":"https:\/\/habilitas.ca\/fr\/wp-json\/wp\/v2\/media?parent=1600"}],"wp:term":[{"taxonomy":"category","embeddable":true,"href":"https:\/\/habilitas.ca\/fr\/wp-json\/wp\/v2\/categories?post=1600"},{"taxonomy":"post_tag","embeddable":true,"href":"https:\/\/habilitas.ca\/fr\/wp-json\/wp\/v2\/tags?post=1600"}],"curies":[{"name":"wp","href":"https:\/\/api.w.org\/{rel}","templated":true}]}}